{"id":6070,"date":"2023-11-20T13:55:08","date_gmt":"2023-11-20T12:55:08","guid":{"rendered":"http:\/\/www.fundaciolluiscoromina.org\/?p=6070"},"modified":"2026-09-02T16:50:37","modified_gmt":"2026-09-02T14:50:37","slug":"la-fundacio-lluis-coromina-collabora-amb-dues-exposicions-al-voltant-de-la-figura-de-joan-brossa","status":"publish","type":"post","link":"http:\/\/fundaciolluiscoromina.org\/index.php\/2023\/11\/20\/la-fundacio-lluis-coromina-collabora-amb-dues-exposicions-al-voltant-de-la-figura-de-joan-brossa\/","title":{"rendered":"La Fundaci\u00f3 Llu\u00eds Coromina col\u00b7labora amb l&#8217;exposici\u00f3 &#8216;Brossa. Art Expandit&#8217; de la Galeria Miguel Marcos"},"content":{"rendered":"<p>Joan Brossa va deixar una empremta inesborrable al m\u00f3n de la cultura i l&#8217;art. La seva creativitat i originalitat el van convertir en una figura ic\u00f2nica a l&#8217;avantguarda art\u00edstica del segle XX. A trav\u00e9s de la poesia visual, performances i col\u00b7laboracions amb altres artistes, Brossa desafiava les convencions tradicionals i explorava noves formes d&#8217;expressi\u00f3.<\/p>\n<p><em>Brossa. Art Expandit<\/em> \u00e9s l&#8217;exposici\u00f3 de la Galeria Miguel Marcos al voltant del poeta, una mostra que compta amb la col\u00b7laboraci\u00f3 de la Fundaci\u00f3 Llu\u00eds Coromina i que es podr\u00e0 visitar fins al 30 de gener.\u00a0 Amb Ricard Planas com a curador, es vertebra amb tres directrius essencials: reivindicar la figura de l&#8217;artista amb tota la seva transdisciplinarietat; posar de manifest la relaci\u00f3 entre el poeta i la galeria\u00a0<span class=\"hiddenSpellError\">Miguel<\/span>\u00a0<span class=\"hiddenSpellError\">Marcos<\/span>, i visibilitzar autors contemporanis com, en aquest cas, el col\u00b7lectiu\u00a0<span class=\"hiddenSpellError\">cabosanroque<\/span>, que reivindica la vig\u00e8ncia de l&#8217;artista mitjan\u00e7ant un v\u00eddeo que documenta l\u00edricament la instal\u00b7laci\u00f3 que li van dedicar el 2016 titulada <em>No em va fer Joan Brossa<\/em>.<\/p>\n<p>D&#8217;altra banda, la Fundaci\u00f3 Joan Brossa al Centre de les Arts Lliures acull una altra exposici\u00f3 sobre\u00a0l&#8217;artista titulada J<em>oan Brossa. La sensaci\u00f3 mental d&#8217;una felicitat completa<\/em>, tamb\u00e9 amb Ricard Planas com a curador.\u00a0Una\u00a0mostra que constata com, des d&#8217;un posicionament combatiu i contestatari, Brossa va fer de la defensa de la llibertat el seu est\u00e0ndard de poeta i d&#8217;home; i de la sorpresa, la imaginaci\u00f3 i la profunditat \u00edntima, el seu llenguatge creatiu. Parteix dels inicis dels anys quaranta en qu\u00e8 el jove Brossa, acabat de tornar del front militar, entra en contacte amb l&#8217;avantguarda cultural catalana i, de la m\u00e0 de Joan Mir\u00f3 i J.V. Foix, comen\u00e7a a explorar els codis literaris i pl\u00e0stics. En aquests anys, Brossa fonamenta tamb\u00e9 el seu univers creatiu d&#8217;una est\u00e8tica surrealista amb la creaci\u00f3 de la revista <em>Dau al Set<\/em>, acompanyat de Joan Pon\u00e7, Arnau Puig, Modest Cuixart, Antoni T\u00e0pies i Joan Josep-<span class=\"hiddenSpellError\">Tharrats<\/span>.<\/p>\n","protected":false},"excerpt":{"rendered":"<p>Joan Brossa va deixar una empremta inesborrable al m\u00f3n de la cultura i l&#8217;art. La seva creativitat i originalitat el &#8230;<\/p>\n","protected":false},"author":2,"featured_media":6071,"comment_status":"closed","ping_status":"open","sticky":false,"template":"","format":"standard","meta":{"footnotes":""},"categories":[14,10],"tags":[],"class_list":["post-6070","post","type-post","status-publish","format-standard","has-post-thumbnail","hentry","category-accions-culturals","category-activitats"],"_links":{"self":[{"href":"http:\/\/fundaciolluiscoromina.org\/index.php\/wp-json\/wp\/v2\/posts\/6070","targetHints":{"allow":["GET"]}}],"collection":[{"href":"http:\/\/fundaciolluiscoromina.org\/index.php\/wp-json\/wp\/v2\/posts"}],"about":[{"href":"http:\/\/fundaciolluiscoromina.org\/index.php\/wp-json\/wp\/v2\/types\/post"}],"author":[{"embeddable":true,"href":"http:\/\/fundaciolluiscoromina.org\/index.php\/wp-json\/wp\/v2\/users\/2"}],"replies":[{"embeddable":true,"href":"http:\/\/fundaciolluiscoromina.org\/index.php\/wp-json\/wp\/v2\/comments?post=6070"}],"version-history":[{"count":1,"href":"http:\/\/fundaciolluiscoromina.org\/index.php\/wp-json\/wp\/v2\/posts\/6070\/revisions"}],"predecessor-version":[{"id":6978,"href":"http:\/\/fundaciolluiscoromina.org\/index.php\/wp-json\/wp\/v2\/posts\/6070\/revisions\/6978"}],"wp:featuredmedia":[{"embeddable":true,"href":"http:\/\/fundaciolluiscoromina.org\/index.php\/wp-json\/wp\/v2\/media\/6071"}],"wp:attachment":[{"href":"http:\/\/fundaciolluiscoromina.org\/index.php\/wp-json\/wp\/v2\/media?parent=6070"}],"wp:term":[{"taxonomy":"category","embeddable":true,"href":"http:\/\/fundaciolluiscoromina.org\/index.php\/wp-json\/wp\/v2\/categories?post=6070"},{"taxonomy":"post_tag","embeddable":true,"href":"http:\/\/fundaciolluiscoromina.org\/index.php\/wp-json\/wp\/v2\/tags?post=6070"}],"curies":[{"name":"wp","href":"https:\/\/api.w.org\/{rel}","templated":true}]}}