{"id":6075,"date":"2023-11-20T14:12:56","date_gmt":"2023-11-20T13:12:56","guid":{"rendered":"http:\/\/www.fundaciolluiscoromina.org\/?p=6075"},"modified":"2026-09-02T16:50:37","modified_gmt":"2026-09-02T14:50:37","slug":"lespai-isern-dalmau-acull-la-taula-rodona-intelligencia-artificial-i-us-critic-en-el-marc-del-festival-panoramic-2023","status":"publish","type":"post","link":"http:\/\/fundaciolluiscoromina.org\/index.php\/2023\/11\/20\/lespai-isern-dalmau-acull-la-taula-rodona-intelligencia-artificial-i-us-critic-en-el-marc-del-festival-panoramic-2023\/","title":{"rendered":"L&#8217;Espai\u00a0Isern Dalmau acull la taula rodona &#8216;El paper de les noves tecnologies en la creaci\u00f3 art\u00edstica des d&#8217;una perspectiva cr\u00edtica&#8217;"},"content":{"rendered":"<p>El pr\u00f2xim dijous 23 de\u00a0novembre, a les 19 h, l&#8217;Espai Isern Dalmau de Barcelona acollir\u00e0 la taula rodona <em>El paper de les noves tecnologies en la creaci\u00f3 art\u00edstica des d&#8217;una perspectiva cr\u00edtica<\/em>, en el marc del Festival Panor\u00e0mic 2023. Una activitat moderada per Joan Soler-<span class=\"hiddenSpellError\">Adillon<\/span>, amb les pon\u00e8ncies d&#8217;<span class=\"hiddenSpellError\">Anaisa<\/span>\u00a0Franco, Mar Canet i Pilar\u00a0<span class=\"hiddenSpellError\">Rosado<\/span>, tamb\u00e9 artistes dels v\u00eddeos creatius de la mostra exposada a l&#8217;espai.<\/p>\n<p>Des del 9 de novembre, l&#8217;Espai Isern Dalmau \u00e9s l&#8217;escenari de l&#8217;exposici\u00f3\u00a0col\u00b7lectiva\u00a0<em>Festival Panor\u00e0mic 2023<\/em>, una iniciativa amb els v\u00eddeos creatius de cinc artistes que explora la relaci\u00f3 entre el rostre i la\u00a0intel\u00b7lig\u00e8ncia\u00a0artificial.<\/p>\n","protected":false},"excerpt":{"rendered":"<p>El pr\u00f2xim dijous 23 de\u00a0novembre, a les 19 h, l&#8217;Espai Isern Dalmau de Barcelona acollir\u00e0 la taula rodona El paper &#8230;<\/p>\n","protected":false},"author":2,"featured_media":6076,"comment_status":"closed","ping_status":"open","sticky":false,"template":"","format":"standard","meta":{"footnotes":""},"categories":[14,10,228],"tags":[],"class_list":["post-6075","post","type-post","status-publish","format-standard","has-post-thumbnail","hentry","category-accions-culturals","category-activitats","category-exposicions-espai-isern-dalmau"],"_links":{"self":[{"href":"http:\/\/fundaciolluiscoromina.org\/index.php\/wp-json\/wp\/v2\/posts\/6075","targetHints":{"allow":["GET"]}}],"collection":[{"href":"http:\/\/fundaciolluiscoromina.org\/index.php\/wp-json\/wp\/v2\/posts"}],"about":[{"href":"http:\/\/fundaciolluiscoromina.org\/index.php\/wp-json\/wp\/v2\/types\/post"}],"author":[{"embeddable":true,"href":"http:\/\/fundaciolluiscoromina.org\/index.php\/wp-json\/wp\/v2\/users\/2"}],"replies":[{"embeddable":true,"href":"http:\/\/fundaciolluiscoromina.org\/index.php\/wp-json\/wp\/v2\/comments?post=6075"}],"version-history":[{"count":1,"href":"http:\/\/fundaciolluiscoromina.org\/index.php\/wp-json\/wp\/v2\/posts\/6075\/revisions"}],"predecessor-version":[{"id":6977,"href":"http:\/\/fundaciolluiscoromina.org\/index.php\/wp-json\/wp\/v2\/posts\/6075\/revisions\/6977"}],"wp:featuredmedia":[{"embeddable":true,"href":"http:\/\/fundaciolluiscoromina.org\/index.php\/wp-json\/wp\/v2\/media\/6076"}],"wp:attachment":[{"href":"http:\/\/fundaciolluiscoromina.org\/index.php\/wp-json\/wp\/v2\/media?parent=6075"}],"wp:term":[{"taxonomy":"category","embeddable":true,"href":"http:\/\/fundaciolluiscoromina.org\/index.php\/wp-json\/wp\/v2\/categories?post=6075"},{"taxonomy":"post_tag","embeddable":true,"href":"http:\/\/fundaciolluiscoromina.org\/index.php\/wp-json\/wp\/v2\/tags?post=6075"}],"curies":[{"name":"wp","href":"https:\/\/api.w.org\/{rel}","templated":true}]}}