{"id":6087,"date":"2023-11-27T10:58:47","date_gmt":"2023-11-27T09:58:47","guid":{"rendered":"http:\/\/www.fundaciolluiscoromina.org\/?p=6087"},"modified":"2026-09-02T16:50:37","modified_gmt":"2026-09-02T14:50:37","slug":"lespai-eat-art-acull-la-presentacio-del-llibre-pere-duran-una-mirada-periodistica-el-nou-titol-de-la-colleccio-fotografs-banyolins","status":"publish","type":"post","link":"http:\/\/fundaciolluiscoromina.org\/index.php\/2023\/11\/27\/lespai-eat-art-acull-la-presentacio-del-llibre-pere-duran-una-mirada-periodistica-el-nou-titol-de-la-colleccio-fotografs-banyolins\/","title":{"rendered":"L&#8217;Espai Eat Art acull la presentaci\u00f3 del llibre &#8216;Pere Duran. Una mirada period\u00edstica&#8217;, el nou t\u00edtol de la col\u00b7lecci\u00f3 &#8216;Fot\u00f2grafs banyolins&#8217;"},"content":{"rendered":"<p>La Fundaci\u00f3 Llu\u00eds Coromina presenta el llibre\u00a0<strong><em>Pere Duran. Una mirada period\u00edstica<\/em><\/strong>\u00a0aquest divendres 1 de desembre, a les 19 h, a l&#8217;Espai Eat Art de Banyoles. El quinz\u00e8 volum de la col\u00b7lecci\u00f3 <em>Fot\u00f2grafs Banyolins<\/em>, impulsada per Rigau Editors, fa un recorregut per la traject\u00f2ria professional del fotoperiodista banyol\u00ed amb 150 imatges publicades a diaris de refer\u00e8ncia durant les darreres quatre d\u00e8cades.<\/p>\n<p>El llibre comen\u00e7a amb els seus primers treballs a Banyoles com a corresponsal del Diari de Girona, i evoluciona amb\u00a0el seu pas per l\u2019Agencia EFE i el diari El Pa\u00eds, dos mitjans de comunicaci\u00f3 que el consoliden com a fotoperiodista.\u00a0La darrera part\u00a0mostra un recull d\u2019imatges del que\u00a0ell anomena l\u2019Estany M\u00e0gic, aquest espai natural \u00fanic que el va veure n\u00e9ixer com a fot\u00f2graf i que l\u2019ha anat formant durant tots aquests anys per ajudar-lo a entendre la llum com la part essencial de la fotografia.<\/p>\n<p>Actualment, i des de 2015, Pere Duran treballa pel diari La Vanguardia a la demarcaci\u00f3 de Girona, i\u00a0continua resseguint el territori per explicar qu\u00e8 hi passa.<\/p>\n","protected":false},"excerpt":{"rendered":"<p>La Fundaci\u00f3 Llu\u00eds Coromina presenta el llibre\u00a0Pere Duran. Una mirada period\u00edstica\u00a0aquest divendres 1 de desembre, a les 19 h, a &#8230;<\/p>\n","protected":false},"author":2,"featured_media":6088,"comment_status":"closed","ping_status":"open","sticky":false,"template":"","format":"standard","meta":{"footnotes":""},"categories":[14,10,12],"tags":[],"class_list":["post-6087","post","type-post","status-publish","format-standard","has-post-thumbnail","hentry","category-accions-culturals","category-activitats","category-publicacions"],"_links":{"self":[{"href":"http:\/\/fundaciolluiscoromina.org\/index.php\/wp-json\/wp\/v2\/posts\/6087","targetHints":{"allow":["GET"]}}],"collection":[{"href":"http:\/\/fundaciolluiscoromina.org\/index.php\/wp-json\/wp\/v2\/posts"}],"about":[{"href":"http:\/\/fundaciolluiscoromina.org\/index.php\/wp-json\/wp\/v2\/types\/post"}],"author":[{"embeddable":true,"href":"http:\/\/fundaciolluiscoromina.org\/index.php\/wp-json\/wp\/v2\/users\/2"}],"replies":[{"embeddable":true,"href":"http:\/\/fundaciolluiscoromina.org\/index.php\/wp-json\/wp\/v2\/comments?post=6087"}],"version-history":[{"count":1,"href":"http:\/\/fundaciolluiscoromina.org\/index.php\/wp-json\/wp\/v2\/posts\/6087\/revisions"}],"predecessor-version":[{"id":6976,"href":"http:\/\/fundaciolluiscoromina.org\/index.php\/wp-json\/wp\/v2\/posts\/6087\/revisions\/6976"}],"wp:featuredmedia":[{"embeddable":true,"href":"http:\/\/fundaciolluiscoromina.org\/index.php\/wp-json\/wp\/v2\/media\/6088"}],"wp:attachment":[{"href":"http:\/\/fundaciolluiscoromina.org\/index.php\/wp-json\/wp\/v2\/media?parent=6087"}],"wp:term":[{"taxonomy":"category","embeddable":true,"href":"http:\/\/fundaciolluiscoromina.org\/index.php\/wp-json\/wp\/v2\/categories?post=6087"},{"taxonomy":"post_tag","embeddable":true,"href":"http:\/\/fundaciolluiscoromina.org\/index.php\/wp-json\/wp\/v2\/tags?post=6087"}],"curies":[{"name":"wp","href":"https:\/\/api.w.org\/{rel}","templated":true}]}}