{"id":6095,"date":"2023-11-29T12:02:59","date_gmt":"2023-11-29T11:02:59","guid":{"rendered":"http:\/\/www.fundaciolluiscoromina.org\/?p=6095"},"modified":"2026-09-02T16:50:37","modified_gmt":"2026-09-02T14:50:37","slug":"el-mexica-cesar-martinez-artista-convidat-de-la-fundacio-lluis-coromina-i-la-fundacio-autisme-mas-casadevall","status":"publish","type":"post","link":"http:\/\/fundaciolluiscoromina.org\/index.php\/2023\/11\/29\/el-mexica-cesar-martinez-artista-convidat-de-la-fundacio-lluis-coromina-i-la-fundacio-autisme-mas-casadevall\/","title":{"rendered":"El mexic\u00e0 C\u00e9sar Mart\u00ednez, artista convidat de la Fundaci\u00f3 Llu\u00eds Coromina i la Fundaci\u00f3 Autisme Mas Casadevall"},"content":{"rendered":"<p>La Fundaci\u00f3 Llu\u00eds Coromina ha convidat l\u2019artista mexic\u00e0 C\u00e9sar Mart\u00ednez a realitzar una resid\u00e8ncia art\u00edstica a Banyoles durant un mes, amb l\u2019objectiu de desenvolupar el projecte <em>No somos sin los otros. Cocinando el futuro con Arte Integral<\/em>\u00a0a la Fundaci\u00f3 Mas Casadevall.\u00a0Es tracta de la primera creaci\u00f3 art\u00edstica en el marc de la l\u00ednia de col\u00b7laboraci\u00f3 entre la Fundaci\u00f3 Llu\u00eds Coromina i la Fundaci\u00f3 Autisme Mas Casadevall, una entitat del Pla de l\u2019Estany que treballa amb persones TEA (Transtorns de l\u2019Espectre de l\u2019Autisme).<\/p>\n<p>Durant la seva estada, Mart\u00ednez ha configurat escultures humanes de cera i escultures comestibles, moltes d\u2019elles reproduccions del cos hum\u00e0, que es van servir en forma de degustaci\u00f3 al p\u00fablic durant una <em>performance<\/em> a la Sala Manel Ventura de la Fundaci\u00f3 Mas Casadevall el passat 2 de novembre. \u00a0Amb impremtes i impressions d\u2019alguns dels residents de la Fundaci\u00f3 Mas Casadevall, els seus testimonis corporals, aix\u00ed com les sensacions que aquestes persones tenen de la realitat, l\u2019artista C\u00e9sar Mart\u00ednez se serveix del recurs d\u2019utilitzar les mans amb tot el que aix\u00f2 implica: salutaci\u00f3, confian\u00e7a, amistat, solidaritat, complicitat, integraci\u00f3 i perseveran\u00e7a.<\/p>\n<p>C\u00e9sar Mart\u00ednez \u00e9s un artista amb una carrera marcada per crear escultures que viuen, respiren i s\u2019omplen de llum davant del p\u00fablic. La seva obra ha transitat per diverses aportacions conceptuals i suports t\u00e8cnics, servint-se de recursos art\u00edstics com la p\u00f3lvora i la dinamita, creant amb all\u00f2 que destrueix; fins a la utilitzaci\u00f3 de mitjans electr\u00f2nics i digitals en diversos suports, tant pel que fa a pantalles com a performances interactives. La creaci\u00f3 d\u2019escultures humanes comestibles li ha perm\u00e8s mostrar i degustar la seva obra en diferents pa\u00efsos.<\/p>\n","protected":false},"excerpt":{"rendered":"<p>La Fundaci\u00f3 Llu\u00eds Coromina ha convidat l\u2019artista mexic\u00e0 C\u00e9sar Mart\u00ednez a realitzar una resid\u00e8ncia art\u00edstica a Banyoles durant un mes, &#8230;<\/p>\n","protected":false},"author":2,"featured_media":6096,"comment_status":"closed","ping_status":"open","sticky":false,"template":"","format":"standard","meta":{"footnotes":""},"categories":[14,10],"tags":[],"class_list":["post-6095","post","type-post","status-publish","format-standard","has-post-thumbnail","hentry","category-accions-culturals","category-activitats"],"_links":{"self":[{"href":"http:\/\/fundaciolluiscoromina.org\/index.php\/wp-json\/wp\/v2\/posts\/6095","targetHints":{"allow":["GET"]}}],"collection":[{"href":"http:\/\/fundaciolluiscoromina.org\/index.php\/wp-json\/wp\/v2\/posts"}],"about":[{"href":"http:\/\/fundaciolluiscoromina.org\/index.php\/wp-json\/wp\/v2\/types\/post"}],"author":[{"embeddable":true,"href":"http:\/\/fundaciolluiscoromina.org\/index.php\/wp-json\/wp\/v2\/users\/2"}],"replies":[{"embeddable":true,"href":"http:\/\/fundaciolluiscoromina.org\/index.php\/wp-json\/wp\/v2\/comments?post=6095"}],"version-history":[{"count":1,"href":"http:\/\/fundaciolluiscoromina.org\/index.php\/wp-json\/wp\/v2\/posts\/6095\/revisions"}],"predecessor-version":[{"id":6975,"href":"http:\/\/fundaciolluiscoromina.org\/index.php\/wp-json\/wp\/v2\/posts\/6095\/revisions\/6975"}],"wp:featuredmedia":[{"embeddable":true,"href":"http:\/\/fundaciolluiscoromina.org\/index.php\/wp-json\/wp\/v2\/media\/6096"}],"wp:attachment":[{"href":"http:\/\/fundaciolluiscoromina.org\/index.php\/wp-json\/wp\/v2\/media?parent=6095"}],"wp:term":[{"taxonomy":"category","embeddable":true,"href":"http:\/\/fundaciolluiscoromina.org\/index.php\/wp-json\/wp\/v2\/categories?post=6095"},{"taxonomy":"post_tag","embeddable":true,"href":"http:\/\/fundaciolluiscoromina.org\/index.php\/wp-json\/wp\/v2\/tags?post=6095"}],"curies":[{"name":"wp","href":"https:\/\/api.w.org\/{rel}","templated":true}]}}