{"id":6101,"date":"2023-12-04T14:05:28","date_gmt":"2023-12-04T13:05:28","guid":{"rendered":"http:\/\/www.fundaciolluiscoromina.org\/?p=6101"},"modified":"2026-09-02T16:50:37","modified_gmt":"2026-09-02T14:50:37","slug":"lluis-coromina-participa-a-la-trobada-del-consell-de-mecenatge-de-la-fundacio-catalunya-cultura","status":"publish","type":"post","link":"http:\/\/fundaciolluiscoromina.org\/index.php\/2023\/12\/04\/lluis-coromina-participa-a-la-trobada-del-consell-de-mecenatge-de-la-fundacio-catalunya-cultura\/","title":{"rendered":"El director de la Fundaci\u00f3 Llu\u00eds Coromina participa a la trobada del Consell de Mecenatge de la Fundaci\u00f3 Catalunya Cultura"},"content":{"rendered":"<p>El passat dimecres 15 de novembre, el <strong>director de la Fundaci\u00f3 Llu\u00eds Coromina, Ricard Planas,<\/strong>\u00a0va participar a la sessi\u00f3 ordin\u00e0ria del\u00a0<strong>Consell de Mecenatge de la Fundaci\u00f3 Catalunya Cultura<\/strong>, que va tenir lloc a La Cambra de Comer\u00e7 de Barcelona, seu de la Fundaci\u00f3.<\/p>\n<p>El Consell de Mecenatge, que \u00e9s un dels principals \u00f2rgans de govern de la Fundaci\u00f3 Catalunya Cultura, agrupa empreses i persones a t\u00edtol individual que participen en el finan\u00e7ament, assessorament\u00a0 i desenvolupament dels projectes de l\u2019entitat.\u00a0\u00a0D\u2019aquesta manera, les empreses i persones que integren el Consell tenen un reconegut prestigi en l\u2019\u00e0mbit social i cultural del pa\u00eds, i tamb\u00e9 comparteixen la voluntat de contribuir a la consecuci\u00f3 dels objectius de la Fundaci\u00f3 i tenen el convenciment del r\u00e8dit que suposa la inversi\u00f3 cultural per a la societat civil.<\/p>\n<p>Impulsada pel\u00a0Departament de Cultura de la Generalitat de Catalunya\u00a0i per un grup d\u2019empreses de refer\u00e8ncia, amb la col\u00b7laboraci\u00f3 del\u00a0Consell Nacional de la Cultura i les Arts\u00a0(CoNCa) i l\u2019Institut Catal\u00e0 de Finances, la Fundaci\u00f3 Catalunya Cultura t\u00e9 l\u2019objectiu\u00a0 de consolidar aliances fermes entre el m\u00f3n de l\u2019empresa i la cultura, les quals s\u00f3n imprescindibles en benefici de la ciutadania. Per aquesta ra\u00f3, i tenint en compte que la col\u00b7laboraci\u00f3, la confian\u00e7a i el comprom\u00eds del sector empresarial envers la cultura \u00e9s cada cop m\u00e9s necess\u00e0ria i fonamental, la Fundaci\u00f3 Llu\u00eds Coromina \u00e9s un valor afegit a aquest organisme que aposta per la promoci\u00f3 de la cultura, i la considera una font imprescindible de progr\u00e9s, futur i riquesa per a la societat actual.<\/p>\n","protected":false},"excerpt":{"rendered":"<p>El passat dimecres 15 de novembre, el director de la Fundaci\u00f3 Llu\u00eds Coromina, Ricard Planas,\u00a0va participar a la sessi\u00f3 ordin\u00e0ria &#8230;<\/p>\n","protected":false},"author":2,"featured_media":6102,"comment_status":"closed","ping_status":"open","sticky":false,"template":"","format":"standard","meta":{"footnotes":""},"categories":[14],"tags":[],"class_list":["post-6101","post","type-post","status-publish","format-standard","has-post-thumbnail","hentry","category-accions-culturals"],"_links":{"self":[{"href":"http:\/\/fundaciolluiscoromina.org\/index.php\/wp-json\/wp\/v2\/posts\/6101","targetHints":{"allow":["GET"]}}],"collection":[{"href":"http:\/\/fundaciolluiscoromina.org\/index.php\/wp-json\/wp\/v2\/posts"}],"about":[{"href":"http:\/\/fundaciolluiscoromina.org\/index.php\/wp-json\/wp\/v2\/types\/post"}],"author":[{"embeddable":true,"href":"http:\/\/fundaciolluiscoromina.org\/index.php\/wp-json\/wp\/v2\/users\/2"}],"replies":[{"embeddable":true,"href":"http:\/\/fundaciolluiscoromina.org\/index.php\/wp-json\/wp\/v2\/comments?post=6101"}],"version-history":[{"count":1,"href":"http:\/\/fundaciolluiscoromina.org\/index.php\/wp-json\/wp\/v2\/posts\/6101\/revisions"}],"predecessor-version":[{"id":6974,"href":"http:\/\/fundaciolluiscoromina.org\/index.php\/wp-json\/wp\/v2\/posts\/6101\/revisions\/6974"}],"wp:featuredmedia":[{"embeddable":true,"href":"http:\/\/fundaciolluiscoromina.org\/index.php\/wp-json\/wp\/v2\/media\/6102"}],"wp:attachment":[{"href":"http:\/\/fundaciolluiscoromina.org\/index.php\/wp-json\/wp\/v2\/media?parent=6101"}],"wp:term":[{"taxonomy":"category","embeddable":true,"href":"http:\/\/fundaciolluiscoromina.org\/index.php\/wp-json\/wp\/v2\/categories?post=6101"},{"taxonomy":"post_tag","embeddable":true,"href":"http:\/\/fundaciolluiscoromina.org\/index.php\/wp-json\/wp\/v2\/tags?post=6101"}],"curies":[{"name":"wp","href":"https:\/\/api.w.org\/{rel}","templated":true}]}}