{"id":6108,"date":"2023-12-13T09:59:29","date_gmt":"2023-12-13T08:59:29","guid":{"rendered":"http:\/\/www.fundaciolluiscoromina.org\/?p=6108"},"modified":"2026-09-02T16:50:37","modified_gmt":"2026-09-02T14:50:37","slug":"lespai-eat-art-de-banyoles-acull-la-inauguracio-de-lexposicio-aquis-aquarum-ductibus-de-lartista-aitor-climent-barba","status":"publish","type":"post","link":"http:\/\/fundaciolluiscoromina.org\/index.php\/2023\/12\/13\/lespai-eat-art-de-banyoles-acull-la-inauguracio-de-lexposicio-aquis-aquarum-ductibus-de-lartista-aitor-climent-barba\/","title":{"rendered":"L&#8217;Espai Eat Art de Banyoles acull la inauguraci\u00f3 de l&#8217;exposici\u00f3 &#8216;AQUIS AQUARUM DUCTIBUS&#8217; de l&#8217;artista Aitor Climent Barba"},"content":{"rendered":"<p>La Fundaci\u00f3 Llu\u00eds Coromina acull la inauguraci\u00f3 de l\u2019exposici\u00f3 <strong><em>AQUIS AQUARUM DUCTIBUS<\/em><\/strong> de l&#8217;artista Aitor Climent Barba el pr\u00f2xim divendres 22 de desembre, a les 19 h, a l&#8217;Espai Eat Art de Banyoles. Una mostra que cerca revisitar els espais de di\u00e0leg dels habitants de Banyoles amb l&#8217;aigua, des de l&#8217;art contemporani. Un conjunt d&#8217;obres que neixen de les aig\u00fces dels recs dels rastres del temps per abocar-los sobre un paper fet amb fibres de l&#8217;Estany.<\/p>\n<p>La relaci\u00f3 amb els recursos naturals ha determinat el desenvolupament de les societats humanes. Especialment, la relaci\u00f3 amb l&#8217;aigua.\u00a0Actualment, aquesta connexi\u00f3 pren for\u00e7a en un context com el del Pla de l&#8217;Estany, en plena \u00e8poca de sequera.<\/p>\n<p>L&#8217;exposici\u00f3 d&#8217;Aitor Climent Barba visibilitza la relaci\u00f3 material amb l\u2019aigua (recs, l\u00edmit, urbanisme, safareigs) amb la relaci\u00f3 immaterial\u00a0(rondalles, contes, mites, tradicions, processons, sants). En definitiva,\u00a0la\u00a0import\u00e0ncia de la recuperaci\u00f3 de la mem\u00f2ria popular (safareigs),\u00a0tradicions i rondalles amb el coneixement artesanal.<\/p>\n<p>&nbsp;<\/p>\n<p><strong>Horaris:\u00a0<\/strong><br \/>\nDe dimecres a divendres de 17 h a 20 h<br \/>\nDissabte de 10.30 h a 13.30 h i\u00a0de 17 h a 20 h<\/p>\n","protected":false},"excerpt":{"rendered":"<p>La Fundaci\u00f3 Llu\u00eds Coromina acull la inauguraci\u00f3 de l\u2019exposici\u00f3 AQUIS AQUARUM DUCTIBUS de l&#8217;artista Aitor Climent Barba el pr\u00f2xim divendres &#8230;<\/p>\n","protected":false},"author":2,"featured_media":6109,"comment_status":"closed","ping_status":"open","sticky":false,"template":"","format":"standard","meta":{"footnotes":""},"categories":[14,10,17],"tags":[],"class_list":["post-6108","post","type-post","status-publish","format-standard","has-post-thumbnail","hentry","category-accions-culturals","category-activitats","category-exposicions-espai-eat-art"],"_links":{"self":[{"href":"http:\/\/fundaciolluiscoromina.org\/index.php\/wp-json\/wp\/v2\/posts\/6108","targetHints":{"allow":["GET"]}}],"collection":[{"href":"http:\/\/fundaciolluiscoromina.org\/index.php\/wp-json\/wp\/v2\/posts"}],"about":[{"href":"http:\/\/fundaciolluiscoromina.org\/index.php\/wp-json\/wp\/v2\/types\/post"}],"author":[{"embeddable":true,"href":"http:\/\/fundaciolluiscoromina.org\/index.php\/wp-json\/wp\/v2\/users\/2"}],"replies":[{"embeddable":true,"href":"http:\/\/fundaciolluiscoromina.org\/index.php\/wp-json\/wp\/v2\/comments?post=6108"}],"version-history":[{"count":1,"href":"http:\/\/fundaciolluiscoromina.org\/index.php\/wp-json\/wp\/v2\/posts\/6108\/revisions"}],"predecessor-version":[{"id":6973,"href":"http:\/\/fundaciolluiscoromina.org\/index.php\/wp-json\/wp\/v2\/posts\/6108\/revisions\/6973"}],"wp:featuredmedia":[{"embeddable":true,"href":"http:\/\/fundaciolluiscoromina.org\/index.php\/wp-json\/wp\/v2\/media\/6109"}],"wp:attachment":[{"href":"http:\/\/fundaciolluiscoromina.org\/index.php\/wp-json\/wp\/v2\/media?parent=6108"}],"wp:term":[{"taxonomy":"category","embeddable":true,"href":"http:\/\/fundaciolluiscoromina.org\/index.php\/wp-json\/wp\/v2\/categories?post=6108"},{"taxonomy":"post_tag","embeddable":true,"href":"http:\/\/fundaciolluiscoromina.org\/index.php\/wp-json\/wp\/v2\/tags?post=6108"}],"curies":[{"name":"wp","href":"https:\/\/api.w.org\/{rel}","templated":true}]}}