{"id":6115,"date":"2023-12-14T15:42:23","date_gmt":"2023-12-14T14:42:23","guid":{"rendered":"http:\/\/www.fundaciolluiscoromina.org\/?p=6115"},"modified":"2026-09-02T16:50:37","modified_gmt":"2026-09-02T14:50:37","slug":"la-mostra-una-exposicio-per-a-una-pellicula-de-jordi-bosch-barraca-al-tn-comarques-de-tv3","status":"publish","type":"post","link":"http:\/\/fundaciolluiscoromina.org\/index.php\/2023\/12\/14\/la-mostra-una-exposicio-per-a-una-pellicula-de-jordi-bosch-barraca-al-tn-comarques-de-tv3\/","title":{"rendered":"La mostra &#8216;Una exposici\u00f3 per a una pel\u00b7l\u00edcula&#8217; de Jordi Bosch &#8216;Barraca&#8217; al TN comarques de TV3"},"content":{"rendered":"<p>Aquest dijous 14 de desembre, el TN comarques de TV3 ha em\u00e8s un breu reportatge sobre l&#8217;artista banyol\u00ed Jordi Bosch\u00a0<em>Barraca<\/em>, en el marc de la mostra &#8216;Una exposici\u00f3 per a una pel\u00b7l\u00edcula&#8217; de l&#8217;Espai Eat Art de Banyoles de la Fundaci\u00f3 Llu\u00eds Coromina. L&#8217;exposici\u00f3, que recull algunes de les peces i obres m\u00e9s emblem\u00e0tiques de l&#8217;artista, es podr\u00e0 visitar fins al pr\u00f2xim dissabte 16 de desembre.<\/p>\n<p>Podeu veure el reportatge <a href=\"https:\/\/www.ccma.cat\/3cat\/en-barraca-de-banyoles-fa-una-exposicio-per-financar-una-pellicula-sobre-ell\/video\/6256274\/\">aqu\u00ed<\/a>.<\/p>\n","protected":false},"excerpt":{"rendered":"<p>Aquest dijous 14 de desembre, el TN comarques de TV3 ha em\u00e8s un breu reportatge sobre l&#8217;artista banyol\u00ed Jordi Bosch\u00a0Barraca, &#8230;<\/p>\n","protected":false},"author":2,"featured_media":6118,"comment_status":"closed","ping_status":"open","sticky":false,"template":"","format":"standard","meta":{"footnotes":""},"categories":[14,17],"tags":[],"class_list":["post-6115","post","type-post","status-publish","format-standard","has-post-thumbnail","hentry","category-accions-culturals","category-exposicions-espai-eat-art"],"_links":{"self":[{"href":"http:\/\/fundaciolluiscoromina.org\/index.php\/wp-json\/wp\/v2\/posts\/6115","targetHints":{"allow":["GET"]}}],"collection":[{"href":"http:\/\/fundaciolluiscoromina.org\/index.php\/wp-json\/wp\/v2\/posts"}],"about":[{"href":"http:\/\/fundaciolluiscoromina.org\/index.php\/wp-json\/wp\/v2\/types\/post"}],"author":[{"embeddable":true,"href":"http:\/\/fundaciolluiscoromina.org\/index.php\/wp-json\/wp\/v2\/users\/2"}],"replies":[{"embeddable":true,"href":"http:\/\/fundaciolluiscoromina.org\/index.php\/wp-json\/wp\/v2\/comments?post=6115"}],"version-history":[{"count":1,"href":"http:\/\/fundaciolluiscoromina.org\/index.php\/wp-json\/wp\/v2\/posts\/6115\/revisions"}],"predecessor-version":[{"id":6972,"href":"http:\/\/fundaciolluiscoromina.org\/index.php\/wp-json\/wp\/v2\/posts\/6115\/revisions\/6972"}],"wp:featuredmedia":[{"embeddable":true,"href":"http:\/\/fundaciolluiscoromina.org\/index.php\/wp-json\/wp\/v2\/media\/6118"}],"wp:attachment":[{"href":"http:\/\/fundaciolluiscoromina.org\/index.php\/wp-json\/wp\/v2\/media?parent=6115"}],"wp:term":[{"taxonomy":"category","embeddable":true,"href":"http:\/\/fundaciolluiscoromina.org\/index.php\/wp-json\/wp\/v2\/categories?post=6115"},{"taxonomy":"post_tag","embeddable":true,"href":"http:\/\/fundaciolluiscoromina.org\/index.php\/wp-json\/wp\/v2\/tags?post=6115"}],"curies":[{"name":"wp","href":"https:\/\/api.w.org\/{rel}","templated":true}]}}