{"id":6119,"date":"2023-12-20T12:55:13","date_gmt":"2023-12-20T11:55:13","guid":{"rendered":"http:\/\/www.fundaciolluiscoromina.org\/?p=6119"},"modified":"2026-09-02T16:50:37","modified_gmt":"2026-09-02T14:50:37","slug":"des-de-la-fundacio-lluis-coromina-us-destigem-molt-bones-festes-2","status":"publish","type":"post","link":"http:\/\/fundaciolluiscoromina.org\/index.php\/2023\/12\/20\/des-de-la-fundacio-lluis-coromina-us-destigem-molt-bones-festes-2\/","title":{"rendered":"Des de la Fundaci\u00f3 Llu\u00eds Coromina, us destigem molt bones festes!"},"content":{"rendered":"<p>Des de la Fundaci\u00f3 Llu\u00eds Coromina us desitgem molt bones festes! Que passeu bon Nadal i tingueu una bona entrada d&#8217;any!<\/p>\n<p>Els horaris especials de Nadal s\u00f3n:<br \/>\nDilluns 25 desembre, dimarts 26 de desembre, dilluns 1 de gener i dissabte 6 de gener, tancat.<\/p>\n<p>Us recordem que durant aquestes festes\u00a0podeu visitar l&#8217;exposici\u00f3 de l&#8217;Espai Eat Art:<\/p>\n<p><strong>\u2013<\/strong><a href=\"http:\/\/www.fundaciolluiscoromina.org\/lespai-eat-art-de-banyoles-acull-la-inauguracio-de-lexposicio-aquis-aquarum-ductibus-de-lartista-aitor-climent-barba\/\">\u00a0<strong>Exposici\u00f3 \u2018AQUIS AQUARUM DUCTIBUS\u2019 de l&#8217;artista Aitor Climent Barba<\/strong><\/a><br \/>\nUna mostra que cerca revisitar els espais de di\u00e0leg dels habitants de Banyoles amb l\u2019aigua, des de l\u2019art contemporani. Un conjunt d\u2019obres de l&#8217;artista Aitor Climent Barba que neixen de les aig\u00fces dels recs dels rastres del temps per abocar-los sobre un paper fet amb fibres de l\u2019Estany. La inauguraci\u00f3 tindr\u00e0 lloc el divendres 22 de desembre, a les 19 h, a l&#8217;Espai Eat Art de Banyoles.<\/p>\n","protected":false},"excerpt":{"rendered":"<p>Des de la Fundaci\u00f3 Llu\u00eds Coromina us desitgem molt bones festes! Que passeu bon Nadal i tingueu una bona entrada &#8230;<\/p>\n","protected":false},"author":2,"featured_media":6126,"comment_status":"closed","ping_status":"open","sticky":false,"template":"","format":"standard","meta":{"footnotes":""},"categories":[12],"tags":[],"class_list":["post-6119","post","type-post","status-publish","format-standard","has-post-thumbnail","hentry","category-publicacions"],"_links":{"self":[{"href":"http:\/\/fundaciolluiscoromina.org\/index.php\/wp-json\/wp\/v2\/posts\/6119","targetHints":{"allow":["GET"]}}],"collection":[{"href":"http:\/\/fundaciolluiscoromina.org\/index.php\/wp-json\/wp\/v2\/posts"}],"about":[{"href":"http:\/\/fundaciolluiscoromina.org\/index.php\/wp-json\/wp\/v2\/types\/post"}],"author":[{"embeddable":true,"href":"http:\/\/fundaciolluiscoromina.org\/index.php\/wp-json\/wp\/v2\/users\/2"}],"replies":[{"embeddable":true,"href":"http:\/\/fundaciolluiscoromina.org\/index.php\/wp-json\/wp\/v2\/comments?post=6119"}],"version-history":[{"count":1,"href":"http:\/\/fundaciolluiscoromina.org\/index.php\/wp-json\/wp\/v2\/posts\/6119\/revisions"}],"predecessor-version":[{"id":6970,"href":"http:\/\/fundaciolluiscoromina.org\/index.php\/wp-json\/wp\/v2\/posts\/6119\/revisions\/6970"}],"wp:featuredmedia":[{"embeddable":true,"href":"http:\/\/fundaciolluiscoromina.org\/index.php\/wp-json\/wp\/v2\/media\/6126"}],"wp:attachment":[{"href":"http:\/\/fundaciolluiscoromina.org\/index.php\/wp-json\/wp\/v2\/media?parent=6119"}],"wp:term":[{"taxonomy":"category","embeddable":true,"href":"http:\/\/fundaciolluiscoromina.org\/index.php\/wp-json\/wp\/v2\/categories?post=6119"},{"taxonomy":"post_tag","embeddable":true,"href":"http:\/\/fundaciolluiscoromina.org\/index.php\/wp-json\/wp\/v2\/tags?post=6119"}],"curies":[{"name":"wp","href":"https:\/\/api.w.org\/{rel}","templated":true}]}}