{"id":6127,"date":"2023-12-22T10:57:13","date_gmt":"2023-12-22T09:57:13","guid":{"rendered":"http:\/\/www.fundaciolluiscoromina.org\/?p=6127"},"modified":"2026-09-02T16:50:37","modified_gmt":"2026-09-02T14:50:37","slug":"nova-edicio-del-cimic-el-cicle-itinerant-de-musica-improvisada-de-catalunya","status":"publish","type":"post","link":"http:\/\/fundaciolluiscoromina.org\/index.php\/2023\/12\/22\/nova-edicio-del-cimic-el-cicle-itinerant-de-musica-improvisada-de-catalunya\/","title":{"rendered":"Nova edici\u00f3 del cIMIc, el Cicle Itinerant de M\u00fasica Improvisada de Catalunya"},"content":{"rendered":"<p>Des del mes de gener fins a l&#8217;abril, el Cicle Itinerant de M\u00fasica Improvisada de Catalunya (cIMIc) celebra una nova edici\u00f3 amb quatre propostes de m\u00fasica que giraran a sis ciutats i espais diferents de Catalunya, entre els quals hi ha l&#8217;Espai Eat Art de Banyoles i l&#8217;Espai Isern Dalmau de Barcelona de la Fundaci\u00f3 Llu\u00eds Coromina. Completen el circuit\u00a0Igualada (Cicle Cuir), Vic (Jazz Cava), la Seu d&#8217;Urgell (Llibreria El Refugi) i Olot (Can Batet). Es tracta d&#8217;una iniciativa de DUOT (Albert Cirera i Ramon Prats) que parteix de l&#8217;experi\u00e8ncia d&#8217;haver organitzat concerts a les seves ciutats natals, Igualada i Banyoles, amb una posterior incorporaci\u00f3 de Barcelona, i que t\u00e9 un doble objectiu:\u00a0per una banda, descentralitzar les propostes de m\u00fasica improvisada, i per l&#8217;altra, oferir als m\u00fasics la possibilitat de fer una s\u00e8rie de 6 concerts seguits en diferents punts del territori. Un repte i una sort per als artistes alhora d&#8217;enfrontar-se amb la creaci\u00f3 en directe, i tamb\u00e9 per al p\u00fablic, que podr\u00e0 gaudir de compartir aquesta experi\u00e8ncia creativa.<\/p>\n<p>Tots els espectacles de l&#8217;Espai Eat Art i a l&#8217;Espai Isern Dalmau tindran lloc a les 20 h del vespre, i les entrades, que tenen un preu de 5 euros, es podran adquirir una hora abans de l&#8217;inici del concert.<\/p>\n<p>Les propostes que formen part d&#8217;aquesta edici\u00f3 s\u00f3n:<\/p>\n<p><strong>Tracapang\u00e3<\/strong><\/p>\n<p><img loading=\"lazy\" decoding=\"async\" class=\"alignnone size-medium wp-image-6128\" src=\"http:\/\/test.fundaciolluiscoromina.org\/wp-content\/uploads\/2023\/12\/Tracapanga-300x198.jpg\" alt=\"\" width=\"300\" height=\"198\" srcset=\"http:\/\/fundaciolluiscoromina.org\/wp-content\/uploads\/2023\/12\/Tracapanga-300x198.jpg 300w, http:\/\/fundaciolluiscoromina.org\/wp-content\/uploads\/2023\/12\/Tracapanga.jpg 444w\" sizes=\"auto, (max-width: 300px) 100vw, 300px\" \/><\/p>\n<p>9 de gener: Espai Isern Dalmau, Barcelona<br \/>\n10 de gener: Cicle Cuir, Igualada<br \/>\n11 de gener: Llibreria El Refugi, la Seu d\u2019Urgell<br \/>\n12 de gener: Espai Eat Art, Banyoles<br \/>\n13 de gener: Can Batet, Olot<br \/>\n14 de gener: Jazz Cava, Vic<\/p>\n<p>Tracapang\u00e3 explora el binomi ritme i melodia des d\u2019una \u00f2ptica singular i sense p\u00e8ls a la llengua. Es defineixen amb aquestes paraules o sons: \u00ab______DRANTANKAN_TURITANDANTI___TURITANDANKAN___TANDANKAN_____ ______TRAPAM_DETRAPAM__DETRAPANGAM____TRAPAN-DE____TRIPAGN\u00efnGAM______\u00bb. Jo\u00e3o Pereira \u00e9s m\u00fasic, compositor i <em>performer<\/em> actiu en una infinitat d&#8217;estils i contextos creatius. Mariana Dion\u00edsio \u00e9s una cantant, improvisadora i compositora que ha q\u00fcestionat el paper de la veu en la tradici\u00f3 musical, explorant el seu potencial t\u00e8cnic, t\u00edmbric i po\u00e8tic com a expressi\u00f3 sonora de les paraules.<\/p>\n<p><strong>Marianna Dion\u00edsio<\/strong> \u2013 veu<br \/>\n<strong>Jo\u00e3o Lopes<\/strong> \u2013 bateria<\/p>\n<p>&nbsp;<\/p>\n<p><strong>Joao Braz\/\u00c1ngel Faraldo<\/strong><\/p>\n<p><img loading=\"lazy\" decoding=\"async\" class=\"alignnone size-medium wp-image-6129\" src=\"http:\/\/test.fundaciolluiscoromina.org\/wp-content\/uploads\/2023\/12\/jao-braz-i-angel-faraldo-300x198.jpg\" alt=\"\" width=\"300\" height=\"198\" srcset=\"http:\/\/fundaciolluiscoromina.org\/wp-content\/uploads\/2023\/12\/jao-braz-i-angel-faraldo-300x198.jpg 300w, http:\/\/fundaciolluiscoromina.org\/wp-content\/uploads\/2023\/12\/jao-braz-i-angel-faraldo.jpg 444w\" sizes=\"auto, (max-width: 300px) 100vw, 300px\" \/><\/p>\n<p>30 de gener: Espai Isern Dalmau, Barcelona<br \/>\n31 de gener: Cicle Cuir, Igualada<br \/>\n1 de febrer: Llibreria El Refugi, la Seu d\u2019Urgell<br \/>\n2 de febrer: Espai Eat Art, Banyoles<br \/>\n3 de febrer: Can Batet, Olot<br \/>\n4 de febrer: Jazz Cava, Vic<\/p>\n<p>\u00abBraz &amp; Faraldo. Cello &amp; No-input-mixer. M\u00fasica Improvisada\u00bb. Aix\u00ed \u00e9s com es defineix aquest duo que no perd el temps en adjectius. Centrats en el verb, en l\u2019acci\u00f3 i en el risc d\u2019aventurar-se sense por, comen\u00e7ant des de zero a cada concert.<\/p>\n<p>&nbsp;<\/p>\n<p><strong>Gl\u00f2ria Ros\/Anna Subirana<\/strong><\/p>\n<p><img loading=\"lazy\" decoding=\"async\" class=\"alignnone size-medium wp-image-6130\" src=\"http:\/\/test.fundaciolluiscoromina.org\/wp-content\/uploads\/2023\/12\/a-300x198.jpg\" alt=\"\" width=\"300\" height=\"198\" srcset=\"http:\/\/fundaciolluiscoromina.org\/wp-content\/uploads\/2023\/12\/a-300x198.jpg 300w, http:\/\/fundaciolluiscoromina.org\/wp-content\/uploads\/2023\/12\/a.jpg 444w\" sizes=\"auto, (max-width: 300px) 100vw, 300px\" \/><\/p>\n<p>5 de mar\u00e7: Espai Isern Dalmau, Barcelona<br \/>\n6 de mar\u00e7: Cicle Cuir, Igualada<br \/>\n7 de mar\u00e7: Llibreria El Refugi, la Seu d\u2019Urgell<br \/>\n8 de mar\u00e7: Espai Eat Art, Banyoles<br \/>\n9 de mar\u00e7: Can Batet, Olot<br \/>\n10 de mar\u00e7: Jazz Cava, Vic<\/p>\n<p>Moviment, vibraci\u00f3, so, forma, escolta. Un temps compartit, territoris de textures desconegudes per rec\u00f3rrer. Ser a l&#8217;instant, l&#8217;una amb l&#8217;altra, sonant, dansant&#8230; i vosaltres escoltant.<br \/>\nAquest duo \u00e9s una proposta del cIMIc i t\u00e9 l&#8217;objectiu de crear vincles entre les diferents generacions d&#8217;improvisadores catalanes, ajudar a la creaci\u00f3 interdisciplin\u00e0ria i donar visibilitat al talent femen\u00ed dins del circuit de la m\u00fasica creativa.<\/p>\n<p>&nbsp;<\/p>\n<p><strong>Juli\u00e1n S\u00e1nchez<\/strong><\/p>\n<p><img loading=\"lazy\" decoding=\"async\" class=\"alignnone size-medium wp-image-6131\" src=\"http:\/\/test.fundaciolluiscoromina.org\/wp-content\/uploads\/2023\/12\/adad-300x198.jpg\" alt=\"\" width=\"300\" height=\"198\" srcset=\"http:\/\/fundaciolluiscoromina.org\/wp-content\/uploads\/2023\/12\/adad-300x198.jpg 300w, http:\/\/fundaciolluiscoromina.org\/wp-content\/uploads\/2023\/12\/adad.jpg 444w\" sizes=\"auto, (max-width: 300px) 100vw, 300px\" \/><\/p>\n<p>9 d\u2019abril: Espai Isern Dalmau, Barcelona<br \/>\n10 d\u2019abril: Cicle Cuir, Igualada<br \/>\n11 d\u2019abril: Llibreria El Refugi, la Seu d\u2019Urgell<br \/>\n12 d\u2019abril: Espai Eat Art, Banyoles<br \/>\n13 d\u2019abril: Can Batet, Olot<br \/>\n14 d\u2019abril: Jazz Cava, Vic<\/p>\n<p>Juli\u00e1n S\u00e1nchez \u00e9s un dels m\u00e0xims exponents de la m\u00fasica improvisada a la pen\u00ednsula. T\u00e9 una llarga traject\u00f2ria al costat d\u2019artistes com David Murray, Axel D\u00f6rner o Marcus Breuss. El seu discurs s\u2019ha consolidat amb el pas per les seves estades a Nova York, Sud \u00c0frica i Brasil, on s\u2019ha nodrit de totes les fonts sense por a perdre la seva identitat.<\/p>\n","protected":false},"excerpt":{"rendered":"<p>Des del mes de gener fins a l&#8217;abril, el Cicle Itinerant de M\u00fasica Improvisada de Catalunya (cIMIc) celebra una nova &#8230;<\/p>\n","protected":false},"author":2,"featured_media":6131,"comment_status":"closed","ping_status":"open","sticky":false,"template":"","format":"standard","meta":{"footnotes":""},"categories":[14,10,228,17],"tags":[],"class_list":["post-6127","post","type-post","status-publish","format-standard","has-post-thumbnail","hentry","category-accions-culturals","category-activitats","category-exposicions-espai-isern-dalmau","category-exposicions-espai-eat-art"],"_links":{"self":[{"href":"http:\/\/fundaciolluiscoromina.org\/index.php\/wp-json\/wp\/v2\/posts\/6127","targetHints":{"allow":["GET"]}}],"collection":[{"href":"http:\/\/fundaciolluiscoromina.org\/index.php\/wp-json\/wp\/v2\/posts"}],"about":[{"href":"http:\/\/fundaciolluiscoromina.org\/index.php\/wp-json\/wp\/v2\/types\/post"}],"author":[{"embeddable":true,"href":"http:\/\/fundaciolluiscoromina.org\/index.php\/wp-json\/wp\/v2\/users\/2"}],"replies":[{"embeddable":true,"href":"http:\/\/fundaciolluiscoromina.org\/index.php\/wp-json\/wp\/v2\/comments?post=6127"}],"version-history":[{"count":1,"href":"http:\/\/fundaciolluiscoromina.org\/index.php\/wp-json\/wp\/v2\/posts\/6127\/revisions"}],"predecessor-version":[{"id":6969,"href":"http:\/\/fundaciolluiscoromina.org\/index.php\/wp-json\/wp\/v2\/posts\/6127\/revisions\/6969"}],"wp:featuredmedia":[{"embeddable":true,"href":"http:\/\/fundaciolluiscoromina.org\/index.php\/wp-json\/wp\/v2\/media\/6131"}],"wp:attachment":[{"href":"http:\/\/fundaciolluiscoromina.org\/index.php\/wp-json\/wp\/v2\/media?parent=6127"}],"wp:term":[{"taxonomy":"category","embeddable":true,"href":"http:\/\/fundaciolluiscoromina.org\/index.php\/wp-json\/wp\/v2\/categories?post=6127"},{"taxonomy":"post_tag","embeddable":true,"href":"http:\/\/fundaciolluiscoromina.org\/index.php\/wp-json\/wp\/v2\/tags?post=6127"}],"curies":[{"name":"wp","href":"https:\/\/api.w.org\/{rel}","templated":true}]}}