{"id":6144,"date":"2023-12-19T16:04:24","date_gmt":"2023-12-19T15:04:24","guid":{"rendered":"http:\/\/www.fundaciolluiscoromina.org\/?p=6144"},"modified":"2026-09-02T16:50:37","modified_gmt":"2026-09-02T14:50:37","slug":"la-fundacio-lluis-coromina-celebra-la-trobada-anual-al-puntal-laboratori-de-les-arts-de-banyoles","status":"publish","type":"post","link":"http:\/\/fundaciolluiscoromina.org\/index.php\/2023\/12\/19\/la-fundacio-lluis-coromina-celebra-la-trobada-anual-al-puntal-laboratori-de-les-arts-de-banyoles\/","title":{"rendered":"La Fundaci\u00f3 Llu\u00eds Coromina celebra la trobada anual al Puntal &#8211; Laboratori de les Arts de Banyoles"},"content":{"rendered":"<p>Aquest migdia, la Fundaci\u00f3 Llu\u00eds Coromina ha celebrat la trobada anual a Banyoles, al Puntal &#8211; Laboratori de les Arts. Un acte que ha comptat amb els parlaments del president, Llu\u00eds Coromina, i de l&#8217;actual director, Ricard Planas, i amb la pres\u00e8ncia d&#8217;artistes del territori i persones vinculades a la Fundaci\u00f3.<\/p>\n","protected":false},"excerpt":{"rendered":"<p>Aquest migdia, la Fundaci\u00f3 Llu\u00eds Coromina ha celebrat la trobada anual a Banyoles, al Puntal &#8211; Laboratori de les Arts. &#8230;<\/p>\n","protected":false},"author":2,"featured_media":6145,"comment_status":"closed","ping_status":"open","sticky":false,"template":"","format":"standard","meta":{"footnotes":""},"categories":[14],"tags":[],"class_list":["post-6144","post","type-post","status-publish","format-standard","has-post-thumbnail","hentry","category-accions-culturals"],"_links":{"self":[{"href":"http:\/\/fundaciolluiscoromina.org\/index.php\/wp-json\/wp\/v2\/posts\/6144","targetHints":{"allow":["GET"]}}],"collection":[{"href":"http:\/\/fundaciolluiscoromina.org\/index.php\/wp-json\/wp\/v2\/posts"}],"about":[{"href":"http:\/\/fundaciolluiscoromina.org\/index.php\/wp-json\/wp\/v2\/types\/post"}],"author":[{"embeddable":true,"href":"http:\/\/fundaciolluiscoromina.org\/index.php\/wp-json\/wp\/v2\/users\/2"}],"replies":[{"embeddable":true,"href":"http:\/\/fundaciolluiscoromina.org\/index.php\/wp-json\/wp\/v2\/comments?post=6144"}],"version-history":[{"count":1,"href":"http:\/\/fundaciolluiscoromina.org\/index.php\/wp-json\/wp\/v2\/posts\/6144\/revisions"}],"predecessor-version":[{"id":6971,"href":"http:\/\/fundaciolluiscoromina.org\/index.php\/wp-json\/wp\/v2\/posts\/6144\/revisions\/6971"}],"wp:featuredmedia":[{"embeddable":true,"href":"http:\/\/fundaciolluiscoromina.org\/index.php\/wp-json\/wp\/v2\/media\/6145"}],"wp:attachment":[{"href":"http:\/\/fundaciolluiscoromina.org\/index.php\/wp-json\/wp\/v2\/media?parent=6144"}],"wp:term":[{"taxonomy":"category","embeddable":true,"href":"http:\/\/fundaciolluiscoromina.org\/index.php\/wp-json\/wp\/v2\/categories?post=6144"},{"taxonomy":"post_tag","embeddable":true,"href":"http:\/\/fundaciolluiscoromina.org\/index.php\/wp-json\/wp\/v2\/tags?post=6144"}],"curies":[{"name":"wp","href":"https:\/\/api.w.org\/{rel}","templated":true}]}}