{"id":6154,"date":"2024-01-15T09:58:44","date_gmt":"2024-01-15T08:58:44","guid":{"rendered":"http:\/\/www.fundaciolluiscoromina.org\/?p=6154"},"modified":"2026-09-02T16:50:36","modified_gmt":"2026-09-02T14:50:36","slug":"lespai-isern-dalmau-acull-la-inauguracio-la-suite-del-cabagnon-num-2-de-lartista-ivan-forcadell","status":"publish","type":"post","link":"http:\/\/fundaciolluiscoromina.org\/index.php\/2024\/01\/15\/lespai-isern-dalmau-acull-la-inauguracio-la-suite-del-cabagnon-num-2-de-lartista-ivan-forcadell\/","title":{"rendered":"L&#8217;Espai Isern Dalmau acull la inauguraci\u00f3 de l&#8217;exposici\u00f3 &#8216;La suite del Cabagnon N\u00fam. 2&#8217; de l&#8217;artista Ivan Forcadell"},"content":{"rendered":"<p>La Fundaci\u00f3 Llu\u00eds Coromina acull la inauguraci\u00f3 de l\u2019exposici\u00f3 <em>La suite del Cabagnon N\u00fam. 2<\/em> de l&#8217;artista Ivan Forcadell el pr\u00f2xim dijous 18 de gener, a les 19 h, a l\u2019Espai Isern Dalmau de Barcelona,\u00a0en homenatge a la famosa cabanya que l\u2019arquitecte Le Corbusier va construir el 1952 a la Costa Blava com a regal per a la seva dona.\u00a0Un espai m\u00ednim quadrat de 3,66 x 3,66 metres i 2,66 d\u2019altura inspirat en el <em>Modulor<\/em>, fet\u00a0completament\u00a0de fusta, que reflexiona\u00a0sobre l\u2019espai m\u00ednim que\u00a0necessitem\u00a0els humans per viure, preocupaci\u00f3 de molts arquitectes del segle XX i que\u00a0connecta\u00a0amb el mite de la cabanya primitiva.<\/p>\n<p>Una instal\u00b7laci\u00f3 que versa al voltant del concepte\u00a0de\u00a0l&#8217;espai propi on viure i, sobretot, on crear. No es tracta d\u2019a\u00efllar-se, sin\u00f3\u00a0de\u00a0trobar\u00a0les millors condicions\u00a0perqu\u00e8\u00a0la creaci\u00f3 art\u00edstica sigui sincera i faciliti la comunicaci\u00f3 amb l\u2019espectador. D&#8217;aquesta manera, el m\u00f3n personal d\u2019Ivan Forcadell queda plasmat en un mural on es fusionen\u00a0diversos\u00a0llen\u00e7os amb un <em>collage<\/em> fet a partir de retalls d\u2019obres descartades que ell reutilitza.<\/p>\n<p>Creador original i amb un estil propi, l&#8217;obra de Forcadell\u00a0\u00e9s\u00a0contundent visualment i fa reflexionar el\u00a0p\u00fablic\u00a0amb\u00a0m\u00faltiples\u00a0refer\u00e8ncies a diversos estils\u00a0pict\u00f2rics,\u00a0reinventant-se\u00a0cont\u00ednuament i\u00a0utilitzant la seva\u00a0experi\u00e8ncia\u00a0vital per transmetre-la a la seva creaci\u00f3.<\/p>\n","protected":false},"excerpt":{"rendered":"<p>La Fundaci\u00f3 Llu\u00eds Coromina acull la inauguraci\u00f3 de l\u2019exposici\u00f3 La suite del Cabagnon N\u00fam. 2 de l&#8217;artista Ivan Forcadell el &#8230;<\/p>\n","protected":false},"author":2,"featured_media":6155,"comment_status":"closed","ping_status":"open","sticky":false,"template":"","format":"standard","meta":{"footnotes":""},"categories":[14,10,228],"tags":[],"class_list":["post-6154","post","type-post","status-publish","format-standard","has-post-thumbnail","hentry","category-accions-culturals","category-activitats","category-exposicions-espai-isern-dalmau"],"_links":{"self":[{"href":"http:\/\/fundaciolluiscoromina.org\/index.php\/wp-json\/wp\/v2\/posts\/6154","targetHints":{"allow":["GET"]}}],"collection":[{"href":"http:\/\/fundaciolluiscoromina.org\/index.php\/wp-json\/wp\/v2\/posts"}],"about":[{"href":"http:\/\/fundaciolluiscoromina.org\/index.php\/wp-json\/wp\/v2\/types\/post"}],"author":[{"embeddable":true,"href":"http:\/\/fundaciolluiscoromina.org\/index.php\/wp-json\/wp\/v2\/users\/2"}],"replies":[{"embeddable":true,"href":"http:\/\/fundaciolluiscoromina.org\/index.php\/wp-json\/wp\/v2\/comments?post=6154"}],"version-history":[{"count":1,"href":"http:\/\/fundaciolluiscoromina.org\/index.php\/wp-json\/wp\/v2\/posts\/6154\/revisions"}],"predecessor-version":[{"id":6968,"href":"http:\/\/fundaciolluiscoromina.org\/index.php\/wp-json\/wp\/v2\/posts\/6154\/revisions\/6968"}],"wp:featuredmedia":[{"embeddable":true,"href":"http:\/\/fundaciolluiscoromina.org\/index.php\/wp-json\/wp\/v2\/media\/6155"}],"wp:attachment":[{"href":"http:\/\/fundaciolluiscoromina.org\/index.php\/wp-json\/wp\/v2\/media?parent=6154"}],"wp:term":[{"taxonomy":"category","embeddable":true,"href":"http:\/\/fundaciolluiscoromina.org\/index.php\/wp-json\/wp\/v2\/categories?post=6154"},{"taxonomy":"post_tag","embeddable":true,"href":"http:\/\/fundaciolluiscoromina.org\/index.php\/wp-json\/wp\/v2\/tags?post=6154"}],"curies":[{"name":"wp","href":"https:\/\/api.w.org\/{rel}","templated":true}]}}