{"id":6160,"date":"2024-01-24T11:06:56","date_gmt":"2024-01-24T10:06:56","guid":{"rendered":"http:\/\/www.fundaciolluiscoromina.org\/?p=6160"},"modified":"2026-09-02T16:50:36","modified_gmt":"2026-09-02T14:50:36","slug":"la-fundacio-lluis-coromina-collabora-en-la-primera-edicio-del-premio-de-narrativa-diana-zaforteza","status":"publish","type":"post","link":"http:\/\/fundaciolluiscoromina.org\/index.php\/2024\/01\/24\/la-fundacio-lluis-coromina-collabora-en-la-primera-edicio-del-premio-de-narrativa-diana-zaforteza\/","title":{"rendered":"La Fundaci\u00f3 Llu\u00eds Coromina col\u00b7labora en la primera edici\u00f3 del Premio de Narrativa Diana Zaforteza"},"content":{"rendered":"<p>La Sala El Mirador del CCCB de Barcelona va acollir ahir al vespre la presentaci\u00f3 de la primera edici\u00f3 del <span class=\"hiddenGrammarError\">Premio<\/span> de Narrativa Diana <span class=\"hiddenSpellError\">Zaforteza<\/span>, un acte que va comptar amb la pres\u00e8ncia del comit\u00e8 impulsor dels premis i, tamb\u00e9, del president i del director de la Fundaci\u00f3, Llu\u00eds Coromina i Ricard <span class=\"hiddenSpellError\">Planas<\/span>. Es tracta d&#8217;un certamen organitzat en mem\u00f2ria de la destacada editora mallorquina Diana <span class=\"hiddenSpellError\">Zaforteza<\/span>, desapareguda el passat 11 d&#8217;octubre de 2022, que pret\u00e9n incentivar la innovaci\u00f3 liter\u00e0ria i promoure l&#8217;autoria jove.<\/p>\n<p>Podran participar-hi menors majors d&#8217;edat i menors de quaranta-tres anys amb obres originals, in\u00e8dites i no premiades anteriorment en llengua castellana, i el termini per presentar la sol\u00b7licitud finalitza el pr\u00f2xim 1 d&#8217;abril de 2024 a les dotze de la matinada. La novel\u00b7la guanyadora rebr\u00e0 una dotaci\u00f3 de 20.000 euros i ser\u00e0 seleccionada per un jurat integrat per cinc professionals de prestigi en l&#8217;\u00e0mbit cultural i literari espanyol i llatinoameric\u00e0, format per <span class=\"hiddenSpellError\">H\u00e9ctor<\/span> <span class=\"hiddenSpellError\">Abad<\/span> <span class=\"hiddenSpellError\">Faciolince<\/span>, Isabel <span class=\"hiddenSpellError\">Coixet<\/span>, Aixa de la <span class=\"hiddenSpellError\">Cruz<\/span>, <span class=\"hiddenSpellError\">Ignacio<\/span> <span class=\"hiddenSpellError\">Mart\u00ednezde<\/span> <span class=\"hiddenSpellError\">Pis\u00f3n<\/span> i <span class=\"hiddenSpellError\">Azahara<\/span> Alonso. Edurne <span class=\"hiddenSpellError\">Portela<\/span> ser\u00e0 la directora liter\u00e0ria dels guardons i Ricard <span class=\"hiddenSpellError\">Planas<\/span>, el gestor cultural i director executiu. Es poden consultar les bases completes <a href=\"https:\/\/www.premiodianazaforteza.com\/es\/\">aqu\u00ed.<\/a><\/p>\n","protected":false},"excerpt":{"rendered":"<p>La Sala El Mirador del CCCB de Barcelona va acollir ahir al vespre la presentaci\u00f3 de la primera edici\u00f3 del &#8230;<\/p>\n","protected":false},"author":2,"featured_media":6161,"comment_status":"closed","ping_status":"open","sticky":false,"template":"","format":"standard","meta":{"footnotes":""},"categories":[14,10],"tags":[],"class_list":["post-6160","post","type-post","status-publish","format-standard","has-post-thumbnail","hentry","category-accions-culturals","category-activitats"],"_links":{"self":[{"href":"http:\/\/fundaciolluiscoromina.org\/index.php\/wp-json\/wp\/v2\/posts\/6160","targetHints":{"allow":["GET"]}}],"collection":[{"href":"http:\/\/fundaciolluiscoromina.org\/index.php\/wp-json\/wp\/v2\/posts"}],"about":[{"href":"http:\/\/fundaciolluiscoromina.org\/index.php\/wp-json\/wp\/v2\/types\/post"}],"author":[{"embeddable":true,"href":"http:\/\/fundaciolluiscoromina.org\/index.php\/wp-json\/wp\/v2\/users\/2"}],"replies":[{"embeddable":true,"href":"http:\/\/fundaciolluiscoromina.org\/index.php\/wp-json\/wp\/v2\/comments?post=6160"}],"version-history":[{"count":1,"href":"http:\/\/fundaciolluiscoromina.org\/index.php\/wp-json\/wp\/v2\/posts\/6160\/revisions"}],"predecessor-version":[{"id":6967,"href":"http:\/\/fundaciolluiscoromina.org\/index.php\/wp-json\/wp\/v2\/posts\/6160\/revisions\/6967"}],"wp:featuredmedia":[{"embeddable":true,"href":"http:\/\/fundaciolluiscoromina.org\/index.php\/wp-json\/wp\/v2\/media\/6161"}],"wp:attachment":[{"href":"http:\/\/fundaciolluiscoromina.org\/index.php\/wp-json\/wp\/v2\/media?parent=6160"}],"wp:term":[{"taxonomy":"category","embeddable":true,"href":"http:\/\/fundaciolluiscoromina.org\/index.php\/wp-json\/wp\/v2\/categories?post=6160"},{"taxonomy":"post_tag","embeddable":true,"href":"http:\/\/fundaciolluiscoromina.org\/index.php\/wp-json\/wp\/v2\/tags?post=6160"}],"curies":[{"name":"wp","href":"https:\/\/api.w.org\/{rel}","templated":true}]}}