{"id":6181,"date":"2024-02-16T11:29:29","date_gmt":"2024-02-16T10:29:29","guid":{"rendered":"http:\/\/www.fundaciolluiscoromina.org\/?p=6181"},"modified":"2026-09-02T16:50:36","modified_gmt":"2026-09-02T14:50:36","slug":"lespai-isern-dalmau-acull-la-presentacio-del-llibre-renace-o-muere-el-inicio-de-isaias-de-lautor-norbert-thomas","status":"publish","type":"post","link":"http:\/\/fundaciolluiscoromina.org\/index.php\/2024\/02\/16\/lespai-isern-dalmau-acull-la-presentacio-del-llibre-renace-o-muere-el-inicio-de-isaias-de-lautor-norbert-thomas\/","title":{"rendered":"L\u2019Espai Isern Dalmau acull la presentaci\u00f3 del llibre \u2018RENACE O MUERE, El inicio de ISAIAS\u2019 de l&#8217;autor Norbert Thomas"},"content":{"rendered":"<p>La Fundaci\u00f3 Llu\u00eds Coromina acollir\u00e0 la presentaci\u00f3 del llibre\u00a0<em>RENACE O MUERE, El inicio de ISAIAS<\/em>\u00a0el pr\u00f2xim dimarts 20 de febrer, a les 19 h, a l&#8217;Espai Isern Dalmau de Barcelona. Una novel\u00b7la negra contempor\u00e0nia de l&#8217;autor Norbert Thomas que destaca per la seva renovaci\u00f3 auda\u00e7 del g\u00e8nere i per conjugar elements com les noves tecnologies, la intel\u00b7lig\u00e8ncia artificial i les intrigues internacionals.<\/p>\n<p><em>RENACE O MUERE, El inicio de ISAIAS<\/em>\u00a0proposa als lectors un viatge apassionant i ple de misteris que t\u00e9 l&#8217;objectiu de descobrir la identitat d&#8217;un astut assass\u00ed en s\u00e8rie. Una novel\u00b7la fresca i sorprenent que dibuixa escenaris i personatges captivadors i meticulosament definits, aix\u00ed com\u00a0una trama misteriosa basada en alguns fets reals. Per\u00f2 no\u00a0\u00e9s nom\u00e9s una hist\u00f2ria d&#8217;intriga, sin\u00f3 que tamb\u00e9 \u00e9s una invitaci\u00f3 a no rendir-se mai, un clam a la resili\u00e8ncia\u00a0amb reflexions profundes sobre la vida, la perseveran\u00e7a i la import\u00e0ncia de la fam\u00edlia i els amics per fer front a les adversitats.<\/p>\n<p>La presentaci\u00f3 del llibre tindr\u00e0 lloc el pr\u00f2xim dimarts 20 de febrer, a les 19 h, a l&#8217;Espai Isern Dalmau de Barcelona. Un acte que tamb\u00e9 comptar\u00e0 amb la signatura de llibres per part de l&#8217;autor.<\/p>\n","protected":false},"excerpt":{"rendered":"<p>La Fundaci\u00f3 Llu\u00eds Coromina acollir\u00e0 la presentaci\u00f3 del llibre\u00a0RENACE O MUERE, El inicio de ISAIAS\u00a0el pr\u00f2xim dimarts 20 de febrer, &#8230;<\/p>\n","protected":false},"author":2,"featured_media":6174,"comment_status":"closed","ping_status":"open","sticky":false,"template":"","format":"standard","meta":{"footnotes":""},"categories":[14,10,228],"tags":[],"class_list":["post-6181","post","type-post","status-publish","format-standard","has-post-thumbnail","hentry","category-accions-culturals","category-activitats","category-exposicions-espai-isern-dalmau"],"_links":{"self":[{"href":"http:\/\/fundaciolluiscoromina.org\/index.php\/wp-json\/wp\/v2\/posts\/6181","targetHints":{"allow":["GET"]}}],"collection":[{"href":"http:\/\/fundaciolluiscoromina.org\/index.php\/wp-json\/wp\/v2\/posts"}],"about":[{"href":"http:\/\/fundaciolluiscoromina.org\/index.php\/wp-json\/wp\/v2\/types\/post"}],"author":[{"embeddable":true,"href":"http:\/\/fundaciolluiscoromina.org\/index.php\/wp-json\/wp\/v2\/users\/2"}],"replies":[{"embeddable":true,"href":"http:\/\/fundaciolluiscoromina.org\/index.php\/wp-json\/wp\/v2\/comments?post=6181"}],"version-history":[{"count":1,"href":"http:\/\/fundaciolluiscoromina.org\/index.php\/wp-json\/wp\/v2\/posts\/6181\/revisions"}],"predecessor-version":[{"id":6964,"href":"http:\/\/fundaciolluiscoromina.org\/index.php\/wp-json\/wp\/v2\/posts\/6181\/revisions\/6964"}],"wp:featuredmedia":[{"embeddable":true,"href":"http:\/\/fundaciolluiscoromina.org\/index.php\/wp-json\/wp\/v2\/media\/6174"}],"wp:attachment":[{"href":"http:\/\/fundaciolluiscoromina.org\/index.php\/wp-json\/wp\/v2\/media?parent=6181"}],"wp:term":[{"taxonomy":"category","embeddable":true,"href":"http:\/\/fundaciolluiscoromina.org\/index.php\/wp-json\/wp\/v2\/categories?post=6181"},{"taxonomy":"post_tag","embeddable":true,"href":"http:\/\/fundaciolluiscoromina.org\/index.php\/wp-json\/wp\/v2\/tags?post=6181"}],"curies":[{"name":"wp","href":"https:\/\/api.w.org\/{rel}","templated":true}]}}