{"id":6184,"date":"2024-02-20T12:06:24","date_gmt":"2024-02-20T11:06:24","guid":{"rendered":"http:\/\/www.fundaciolluiscoromina.org\/?p=6184"},"modified":"2026-09-02T16:50:36","modified_gmt":"2026-09-02T14:50:36","slug":"lespai-eat-art-de-banyoles-acull-la-presentacio-del-llibre-lombra-dels-ocellots-de-miquel-riera","status":"publish","type":"post","link":"http:\/\/fundaciolluiscoromina.org\/index.php\/2024\/02\/20\/lespai-eat-art-de-banyoles-acull-la-presentacio-del-llibre-lombra-dels-ocellots-de-miquel-riera\/","title":{"rendered":"L\u2019Espai Eat Art de Banyoles acull la presentaci\u00f3 del llibre &#8216;L&#8217;ombra dels ocellots&#8217; de Miquel Riera"},"content":{"rendered":"<p>El pr\u00f2xim dijous 22 de febrer a les 19 h l&#8217;Espai Eat Art de Banyoles acollir\u00e0 la presentaci\u00f3 del llibre<em> L&#8217;ombra dels ocellots<\/em> de l&#8217;escriptor Miquel Riera, acompanyat del periodista i historiador Pere Bosch i Cuenca. Una obra de ficci\u00f3 ambientada a Vilavella, un poble de l&#8217;Empord\u00e0, que fa un retrat de la Costa Brava de finals dels anys setanta, quan alguns plans urban\u00edstics van destrossar la primera l\u00ednia de costa.<\/p>\n<p>Miquel Riera \u00e9s un escriptor i periodista vinculat al Grup El Punt des dels inicis. Ha estat cap de Cultura-Espectacles, director de la revista <i>Pres\u00e8ncia<\/i>, director d&#8217;<i>El Punt<\/i> de l&#8217;edici\u00f3 de les comarques gironines, i director adjunt d&#8217;<i>El Punt Avui<\/i>. Ha rebut els premis Ciutat de Tarragona de Periodisme, Tasis-Torrent de Comunicaci\u00f3 Local i, en dues ocasions, l&#8217;Atl\u00e0ntida del Gremi d&#8217;Editors de Catalunya, per la seva tasca de difusi\u00f3 del m\u00f3n del llibre. \u00c9s coautor del llibre <i>Les pilotes dels Borbons <\/i>(2013).<\/p>\n","protected":false},"excerpt":{"rendered":"<p>El pr\u00f2xim dijous 22 de febrer a les 19 h l&#8217;Espai Eat Art de Banyoles acollir\u00e0 la presentaci\u00f3 del llibre &#8230;<\/p>\n","protected":false},"author":2,"featured_media":6187,"comment_status":"closed","ping_status":"open","sticky":false,"template":"","format":"standard","meta":{"footnotes":""},"categories":[14],"tags":[],"class_list":["post-6184","post","type-post","status-publish","format-standard","has-post-thumbnail","hentry","category-accions-culturals"],"_links":{"self":[{"href":"http:\/\/fundaciolluiscoromina.org\/index.php\/wp-json\/wp\/v2\/posts\/6184","targetHints":{"allow":["GET"]}}],"collection":[{"href":"http:\/\/fundaciolluiscoromina.org\/index.php\/wp-json\/wp\/v2\/posts"}],"about":[{"href":"http:\/\/fundaciolluiscoromina.org\/index.php\/wp-json\/wp\/v2\/types\/post"}],"author":[{"embeddable":true,"href":"http:\/\/fundaciolluiscoromina.org\/index.php\/wp-json\/wp\/v2\/users\/2"}],"replies":[{"embeddable":true,"href":"http:\/\/fundaciolluiscoromina.org\/index.php\/wp-json\/wp\/v2\/comments?post=6184"}],"version-history":[{"count":1,"href":"http:\/\/fundaciolluiscoromina.org\/index.php\/wp-json\/wp\/v2\/posts\/6184\/revisions"}],"predecessor-version":[{"id":6963,"href":"http:\/\/fundaciolluiscoromina.org\/index.php\/wp-json\/wp\/v2\/posts\/6184\/revisions\/6963"}],"wp:featuredmedia":[{"embeddable":true,"href":"http:\/\/fundaciolluiscoromina.org\/index.php\/wp-json\/wp\/v2\/media\/6187"}],"wp:attachment":[{"href":"http:\/\/fundaciolluiscoromina.org\/index.php\/wp-json\/wp\/v2\/media?parent=6184"}],"wp:term":[{"taxonomy":"category","embeddable":true,"href":"http:\/\/fundaciolluiscoromina.org\/index.php\/wp-json\/wp\/v2\/categories?post=6184"},{"taxonomy":"post_tag","embeddable":true,"href":"http:\/\/fundaciolluiscoromina.org\/index.php\/wp-json\/wp\/v2\/tags?post=6184"}],"curies":[{"name":"wp","href":"https:\/\/api.w.org\/{rel}","templated":true}]}}