{"id":6190,"date":"2024-02-26T10:34:12","date_gmt":"2024-02-26T09:34:12","guid":{"rendered":"http:\/\/www.fundaciolluiscoromina.org\/?p=6190"},"modified":"2026-09-02T16:50:36","modified_gmt":"2026-09-02T14:50:36","slug":"lespai-eat-art-de-banyoles-acull-la-inauguracio-de-lexposicio-paper-aquari-mans-i-anima-40-anys-dofici-de-la-ma-de-sastres-paperers","status":"publish","type":"post","link":"http:\/\/fundaciolluiscoromina.org\/index.php\/2024\/02\/26\/lespai-eat-art-de-banyoles-acull-la-inauguracio-de-lexposicio-paper-aquari-mans-i-anima-40-anys-dofici-de-la-ma-de-sastres-paperers\/","title":{"rendered":"L\u2019Espai Eat Art de Banyoles acull la inauguraci\u00f3 de l\u2019exposici\u00f3 \u2018Paper Aquari, mans i \u00e0nima: 40 anys d\u2019ofici\u2019, de la m\u00e0 de Sastres Paperers"},"content":{"rendered":"<p>El pr\u00f2xim divendres 1 de mar\u00e7, a les 19 h, l\u2019Espai Eat Art de Banyoles acollir\u00e0 la inauguraci\u00f3 de <em>Paper Aquari, mans i \u00e0nima: 40 anys d\u2019ofici. <\/em>Una mostra de Sastres Paperers que recull algunes de les moltes obres que s&#8217;han fet durant les darreres d\u00e8cades sobre els papers elaborats artesanalment en un mol\u00ed paperer.<\/p>\n<p>L\u2019ambientaci\u00f3 de l&#8217;exposici\u00f3 no \u00e9s aleat\u00f2ria, ja que es reprodueixen de manera simb\u00f2lica dues de les parts principals d\u2019un mol\u00ed paperer: la tina, on es forma cada full, i el mirador, l\u2019espai on s\u2019asseca el paper. Tamb\u00e9 hi ha elements propis del taller que, amb la seva pres\u00e8ncia i funcionalitat quotidiana, han esdevingut un mitj\u00e0 d\u2019expressi\u00f3 per les persones que es dediquen a aquest ofici.<\/p>\n<p>Fa 40 anys que a Banyoles s\u2019elabora artesanalment el paper Aquari, un material que persones de tota condici\u00f3 i origen escullen per expressar-se. Aquest paper el podem veure exposat a llocs tan allunyats com Nova York, Isl\u00e0ndia o Ar\u00e0bia, aix\u00ed com botigues especialitzades de tot Europa. En l\u2019entorn m\u00e9s proper, per\u00f2, \u00e9s on es forja una relaci\u00f3 m\u00e9s estreta &#8211; fins i tot d\u2019amistat &#8211; \u00a0amb els artistes, que poden anar al taller i participar en la realitzaci\u00f3 dels papers que despr\u00e9s utilitzen per als seus treballs. Precisament, en aquesta mostra es podran veure les obres que els artistes han cedit per exposar, mostrant aix\u00ed com un petit mol\u00ed de paper artesanal ha influ\u00eft en l\u2019escena art\u00edstica catalana i ha traspassat fronteres.<\/p>\n<p>La inauguraci\u00f3 tindr\u00e0 lloc el divendres 1 de mar\u00e7 a les 19 h i l\u2019exposici\u00f3 estar\u00e0 disponible fins al dia 27 d\u2019abril.<\/p>\n<p>Es podr\u00e0 visitar en l\u2019horari d\u2019obertura de l\u2019Espai Eat Art:<\/p>\n<p>De dimecres a divendres de 17 h a 20 h<\/p>\n<p>dissabte de 10:30 h a 13:30 h i de 17 h a 20 h<\/p>\n<p>&nbsp;<\/p>\n","protected":false},"excerpt":{"rendered":"<p>El pr\u00f2xim divendres 1 de mar\u00e7, a les 19 h, l\u2019Espai Eat Art de Banyoles acollir\u00e0 la inauguraci\u00f3 de Paper &#8230;<\/p>\n","protected":false},"author":2,"featured_media":6191,"comment_status":"closed","ping_status":"open","sticky":false,"template":"","format":"standard","meta":{"footnotes":""},"categories":[14,17],"tags":[],"class_list":["post-6190","post","type-post","status-publish","format-standard","has-post-thumbnail","hentry","category-accions-culturals","category-exposicions-espai-eat-art"],"_links":{"self":[{"href":"http:\/\/fundaciolluiscoromina.org\/index.php\/wp-json\/wp\/v2\/posts\/6190","targetHints":{"allow":["GET"]}}],"collection":[{"href":"http:\/\/fundaciolluiscoromina.org\/index.php\/wp-json\/wp\/v2\/posts"}],"about":[{"href":"http:\/\/fundaciolluiscoromina.org\/index.php\/wp-json\/wp\/v2\/types\/post"}],"author":[{"embeddable":true,"href":"http:\/\/fundaciolluiscoromina.org\/index.php\/wp-json\/wp\/v2\/users\/2"}],"replies":[{"embeddable":true,"href":"http:\/\/fundaciolluiscoromina.org\/index.php\/wp-json\/wp\/v2\/comments?post=6190"}],"version-history":[{"count":1,"href":"http:\/\/fundaciolluiscoromina.org\/index.php\/wp-json\/wp\/v2\/posts\/6190\/revisions"}],"predecessor-version":[{"id":6962,"href":"http:\/\/fundaciolluiscoromina.org\/index.php\/wp-json\/wp\/v2\/posts\/6190\/revisions\/6962"}],"wp:featuredmedia":[{"embeddable":true,"href":"http:\/\/fundaciolluiscoromina.org\/index.php\/wp-json\/wp\/v2\/media\/6191"}],"wp:attachment":[{"href":"http:\/\/fundaciolluiscoromina.org\/index.php\/wp-json\/wp\/v2\/media?parent=6190"}],"wp:term":[{"taxonomy":"category","embeddable":true,"href":"http:\/\/fundaciolluiscoromina.org\/index.php\/wp-json\/wp\/v2\/categories?post=6190"},{"taxonomy":"post_tag","embeddable":true,"href":"http:\/\/fundaciolluiscoromina.org\/index.php\/wp-json\/wp\/v2\/tags?post=6190"}],"curies":[{"name":"wp","href":"https:\/\/api.w.org\/{rel}","templated":true}]}}