{"id":6198,"date":"2024-03-06T09:46:03","date_gmt":"2024-03-06T08:46:03","guid":{"rendered":"http:\/\/www.fundaciolluiscoromina.org\/?p=6198"},"modified":"2026-09-02T16:50:35","modified_gmt":"2026-09-02T14:50:35","slug":"lespai-isern-dalmau-acull-la-inauguracio-de-lexposicio-la-cronometradora-dstella-rahola-guanyadora-de-la-biennal-darts-visuals-ricard-cami","status":"publish","type":"post","link":"http:\/\/fundaciolluiscoromina.org\/index.php\/2024\/03\/06\/lespai-isern-dalmau-acull-la-inauguracio-de-lexposicio-la-cronometradora-dstella-rahola-guanyadora-de-la-biennal-darts-visuals-ricard-cami\/","title":{"rendered":"L&#8217;Espai Isern Dalmau acull la inauguraci\u00f3 de l&#8217;exposici\u00f3 &#8216;La Cronometradora&#8217;, d&#8217;Stella Rahola, guanyadora de la Biennal d&#8217;Arts Visuals Ricard Cam\u00ed"},"content":{"rendered":"<p>L&#8217;Espai Isern Dalmau de la Fundaci\u00f3 Llu\u00eds Coromina inaugurar\u00e0 l&#8217;exposici\u00f3 <strong><em>La Cronometradora<\/em><\/strong>, d&#8217;Stella Rahola Matutes el pr\u00f2xim dijous 14 de mar\u00e7. Es tracta de la proposta guanyadora de la primera edici\u00f3 de la Biennal d&#8217;Arts Visuals Ricard Cam\u00ed. Una instal.laci\u00f3 de l\u2019artista Stella Rahola Matutes que explora\u00a0la interrelaci\u00f3 dels humans amb l\u2019aigua, que es pot analitzar tant des de la depend\u00e8ncia que en tenim, per\u00f2 tamb\u00e9 des dels efectes irreversibles que les accions humanes han ocasionat.<\/p>\n<p><em>La Cronometradora <\/em>desplega imaginaris al voltant de l\u2019aigua a partir d\u2019una proposta travessada per l\u2019eco-ficci\u00f3 i la versatilitat d\u2019un recurs essencial cada vegada m\u00e9s esc\u00e0s al planeta.\u00a0Es tracta d&#8217;una obra ambivalent,\u00a0una font potabilitzadora de l\u2019aigua de l\u2019aixeta de l\u2019Espai Isern Dalmau.\u00a0Un viatge\u00a0mat\u00e8ric i simb\u00f2lic que va de l\u2019observaci\u00f3 de l\u2018acci\u00f3 f\u00edsica a la reacci\u00f3 qu\u00edmica.<\/p>\n<p>Una obra que ha rebut el Premi de la Biennal d\u2019Arts Visuals Ricard Cam\u00ed, un esdeveniment convocat\u00a0per la Fundaci\u00f3 Llu\u00eds Coromina, la Fundaci\u00f3 Antigues Caixes Catalanes i Bonart Cultural\u00a0que t\u00e9\u00a0l&#8217;objectiu d&#8217;estimular la creaci\u00f3 de projectes art\u00edstics i socials, i contribuir a la promoci\u00f3 i projecci\u00f3 dels artistes catalans residents a Catalunya.<\/p>\n<p><strong>La inauguraci\u00f3 tindr\u00e0 lloc el pr\u00f2xim dijous 14 de mar\u00e7 a les 19 h a l&#8217;Espai Isern Dalmau de Barcelona.<\/strong><\/p>\n","protected":false},"excerpt":{"rendered":"<p>L&#8217;Espai Isern Dalmau de la Fundaci\u00f3 Llu\u00eds Coromina inaugurar\u00e0 l&#8217;exposici\u00f3 La Cronometradora, d&#8217;Stella Rahola Matutes el pr\u00f2xim dijous 14 de &#8230;<\/p>\n","protected":false},"author":2,"featured_media":6199,"comment_status":"closed","ping_status":"open","sticky":false,"template":"","format":"standard","meta":{"footnotes":""},"categories":[14,10,228],"tags":[],"class_list":["post-6198","post","type-post","status-publish","format-standard","has-post-thumbnail","hentry","category-accions-culturals","category-activitats","category-exposicions-espai-isern-dalmau"],"_links":{"self":[{"href":"http:\/\/fundaciolluiscoromina.org\/index.php\/wp-json\/wp\/v2\/posts\/6198","targetHints":{"allow":["GET"]}}],"collection":[{"href":"http:\/\/fundaciolluiscoromina.org\/index.php\/wp-json\/wp\/v2\/posts"}],"about":[{"href":"http:\/\/fundaciolluiscoromina.org\/index.php\/wp-json\/wp\/v2\/types\/post"}],"author":[{"embeddable":true,"href":"http:\/\/fundaciolluiscoromina.org\/index.php\/wp-json\/wp\/v2\/users\/2"}],"replies":[{"embeddable":true,"href":"http:\/\/fundaciolluiscoromina.org\/index.php\/wp-json\/wp\/v2\/comments?post=6198"}],"version-history":[{"count":1,"href":"http:\/\/fundaciolluiscoromina.org\/index.php\/wp-json\/wp\/v2\/posts\/6198\/revisions"}],"predecessor-version":[{"id":6961,"href":"http:\/\/fundaciolluiscoromina.org\/index.php\/wp-json\/wp\/v2\/posts\/6198\/revisions\/6961"}],"wp:featuredmedia":[{"embeddable":true,"href":"http:\/\/fundaciolluiscoromina.org\/index.php\/wp-json\/wp\/v2\/media\/6199"}],"wp:attachment":[{"href":"http:\/\/fundaciolluiscoromina.org\/index.php\/wp-json\/wp\/v2\/media?parent=6198"}],"wp:term":[{"taxonomy":"category","embeddable":true,"href":"http:\/\/fundaciolluiscoromina.org\/index.php\/wp-json\/wp\/v2\/categories?post=6198"},{"taxonomy":"post_tag","embeddable":true,"href":"http:\/\/fundaciolluiscoromina.org\/index.php\/wp-json\/wp\/v2\/tags?post=6198"}],"curies":[{"name":"wp","href":"https:\/\/api.w.org\/{rel}","templated":true}]}}