{"id":6206,"date":"2024-03-22T09:37:19","date_gmt":"2024-03-22T08:37:19","guid":{"rendered":"http:\/\/www.fundaciolluiscoromina.org\/?p=6206"},"modified":"2026-09-02T16:50:35","modified_gmt":"2026-09-02T14:50:35","slug":"ultims-dies-per-inscriures-al-premio-de-narrativa-diana-zaforeta","status":"publish","type":"post","link":"http:\/\/fundaciolluiscoromina.org\/index.php\/2024\/03\/22\/ultims-dies-per-inscriures-al-premio-de-narrativa-diana-zaforeta\/","title":{"rendered":"\u00daltims dies per inscriure&#8217;s al Premio de Narrativa Diana Zaforeta"},"content":{"rendered":"<p>El pr\u00f2xim dilluns 1 d\u2019abril finalitza el per\u00edode per inscriure&#8217;s a la primera edici\u00f3 del Premio de Narrativa Diana Zaforeta, un certamen literari que s&#8217;organitza en mem\u00f2ria de la destacada editora mallorquina. Sota la direcci\u00f3 liter\u00e0ria d&#8217;Edurne Portela i la direcci\u00f3 executiva de Ricard Planas, director de la Fundaci\u00f3 Llu\u00eds Coromina, es tracta d&#8217;uns guardons que tenen l&#8217;objectiu d&#8217;incentivar la innovaci\u00f3 liter\u00e0ria i promoure l&#8217;autoria jove.<\/p>\n<p>Poden participar-hi persones majors d&#8217;edat i menors de\u00a043\u00a0anys amb obres originals, in\u00e8dites i no premiades en llengua castellana. El jurat, format per cinc professionals de prestigi en l&#8217;\u00e0mbit cultural i literari espanyol i llatinoameric\u00e0, decidir\u00e0 quina ser\u00e0 la\u00a0novel\u00b7la\u00a0guanyadora durant el mes de juny de 2024, que rebr\u00e0 una dotaci\u00f3 de 20.000 euros. Es poden consultar les bases i requisits <a href=\"https:\/\/www.premiodianazaforteza.com\/es\/\">aqu\u00ed.<\/a><\/p>\n","protected":false},"excerpt":{"rendered":"<p>El pr\u00f2xim dilluns 1 d\u2019abril finalitza el per\u00edode per inscriure&#8217;s a la primera edici\u00f3 del Premio de Narrativa Diana Zaforeta, &#8230;<\/p>\n","protected":false},"author":2,"featured_media":6167,"comment_status":"closed","ping_status":"open","sticky":false,"template":"","format":"standard","meta":{"footnotes":""},"categories":[14,15],"tags":[],"class_list":["post-6206","post","type-post","status-publish","format-standard","has-post-thumbnail","hentry","category-accions-culturals","category-accions-socials"],"_links":{"self":[{"href":"http:\/\/fundaciolluiscoromina.org\/index.php\/wp-json\/wp\/v2\/posts\/6206","targetHints":{"allow":["GET"]}}],"collection":[{"href":"http:\/\/fundaciolluiscoromina.org\/index.php\/wp-json\/wp\/v2\/posts"}],"about":[{"href":"http:\/\/fundaciolluiscoromina.org\/index.php\/wp-json\/wp\/v2\/types\/post"}],"author":[{"embeddable":true,"href":"http:\/\/fundaciolluiscoromina.org\/index.php\/wp-json\/wp\/v2\/users\/2"}],"replies":[{"embeddable":true,"href":"http:\/\/fundaciolluiscoromina.org\/index.php\/wp-json\/wp\/v2\/comments?post=6206"}],"version-history":[{"count":1,"href":"http:\/\/fundaciolluiscoromina.org\/index.php\/wp-json\/wp\/v2\/posts\/6206\/revisions"}],"predecessor-version":[{"id":6959,"href":"http:\/\/fundaciolluiscoromina.org\/index.php\/wp-json\/wp\/v2\/posts\/6206\/revisions\/6959"}],"wp:featuredmedia":[{"embeddable":true,"href":"http:\/\/fundaciolluiscoromina.org\/index.php\/wp-json\/wp\/v2\/media\/6167"}],"wp:attachment":[{"href":"http:\/\/fundaciolluiscoromina.org\/index.php\/wp-json\/wp\/v2\/media?parent=6206"}],"wp:term":[{"taxonomy":"category","embeddable":true,"href":"http:\/\/fundaciolluiscoromina.org\/index.php\/wp-json\/wp\/v2\/categories?post=6206"},{"taxonomy":"post_tag","embeddable":true,"href":"http:\/\/fundaciolluiscoromina.org\/index.php\/wp-json\/wp\/v2\/tags?post=6206"}],"curies":[{"name":"wp","href":"https:\/\/api.w.org\/{rel}","templated":true}]}}