{"id":6209,"date":"2024-03-25T09:39:20","date_gmt":"2024-03-25T08:39:20","guid":{"rendered":"http:\/\/www.fundaciolluiscoromina.org\/?p=6209"},"modified":"2026-09-02T16:50:35","modified_gmt":"2026-09-02T14:50:35","slug":"el-destacat-trompetista-julian-sanchez-tanca-la-primera-edicio-del-cimic","status":"publish","type":"post","link":"http:\/\/fundaciolluiscoromina.org\/index.php\/2024\/03\/25\/el-destacat-trompetista-julian-sanchez-tanca-la-primera-edicio-del-cimic\/","title":{"rendered":"El destacat trompetista Juli\u00e1n S\u00e1nchez tanca la primera edici\u00f3 del cIMIc"},"content":{"rendered":"<p>El trompetista\u00a0Juli\u00e1n\u00a0S\u00e1nchez ser\u00e0 l\u2019encarregat de tancar la primera edici\u00f3 del Cicle Itinerant de M\u00fasica Improvisada de Catalunya (cIMIc) amb un total de sis concerts a diversos punts i ciutats del territori. Una breu gira que far\u00e0 parada a dos espais de la Fundaci\u00f3 Llu\u00eds Coromina: el dimarts 9 d&#8217;abril a l&#8217;Espai Isern Dalmau de Barcelona, i el divendres 12 d&#8217;abril a l&#8217;Espai Eat Art de Banyoles.\u00a0 Ambdues actuacions tindran lloc a les 20 h i les entrades es posaran a la venda el mateix dia, una hora abans del concert.\u00a0 Durant aquesta mateixa setmana, S\u00e1nchez tamb\u00e9 actuar\u00e0 al Cicle Cuir (Igualada, 10 d\u2019abril), a la Llibreria\u00a0El Refugi (la Seu d&#8217;Urgell, 11 d\u2019abril), a Can Batet (Olot, 13 d\u2019abril) i a la Jazz Cava (Vic, 14 d\u2019abril).<\/p>\n<p>El m\u00fasic i compositor Juli\u00e1n S\u00e1nchez \u00e9s un dels m\u00e0xims exponents de la m\u00fasica\u00a0improvisada\u00a0a la pen\u00ednsula. El seu discurs s&#8217;ha consolidat amb les seves estades a Nova York, Sud \u00c0frica i Brasil, on s&#8217;ha nodrit sense por de perdre la seva identitat i ha forjat una llarga traject\u00f2ria al costat d&#8217;artistes com David Murray,\u00a0Axel\u00a0D\u00f6rner\u00a0o\u00a0Marcus\u00a0Breuss.<\/p>\n<p>Organitzat per Duot, la primera edici\u00f3 del cIMIc ha programat un total de quatre propostes en sis espais diferents del territori catal\u00e0 amb l&#8217;objectiu de descentralitzar els projectes de m\u00fasica improvisada i, al mateix temps, oferir als m\u00fasics la possibilitat de fer una s\u00e8rie de concerts seguints en diferents ciutats. Des del mes de gener fins a l&#8217;abril, el p\u00fablic ha pogut con\u00e8ixer d&#8217;aprop artistes com Tracapang\u00e1,\u00a0Joao\u00a0Braz\u00a0i \u00c0ngel\u00a0Faraldo\u00a0o\u00a0Gl\u00f2ria\u00a0Ros i Anna\u00a0Subirana.<\/p>\n","protected":false},"excerpt":{"rendered":"<p>El trompetista\u00a0Juli\u00e1n\u00a0S\u00e1nchez ser\u00e0 l\u2019encarregat de tancar la primera edici\u00f3 del Cicle Itinerant de M\u00fasica Improvisada de Catalunya (cIMIc) amb un &#8230;<\/p>\n","protected":false},"author":2,"featured_media":6131,"comment_status":"closed","ping_status":"open","sticky":false,"template":"","format":"standard","meta":{"footnotes":""},"categories":[10],"tags":[],"class_list":["post-6209","post","type-post","status-publish","format-standard","has-post-thumbnail","hentry","category-activitats"],"_links":{"self":[{"href":"http:\/\/fundaciolluiscoromina.org\/index.php\/wp-json\/wp\/v2\/posts\/6209","targetHints":{"allow":["GET"]}}],"collection":[{"href":"http:\/\/fundaciolluiscoromina.org\/index.php\/wp-json\/wp\/v2\/posts"}],"about":[{"href":"http:\/\/fundaciolluiscoromina.org\/index.php\/wp-json\/wp\/v2\/types\/post"}],"author":[{"embeddable":true,"href":"http:\/\/fundaciolluiscoromina.org\/index.php\/wp-json\/wp\/v2\/users\/2"}],"replies":[{"embeddable":true,"href":"http:\/\/fundaciolluiscoromina.org\/index.php\/wp-json\/wp\/v2\/comments?post=6209"}],"version-history":[{"count":1,"href":"http:\/\/fundaciolluiscoromina.org\/index.php\/wp-json\/wp\/v2\/posts\/6209\/revisions"}],"predecessor-version":[{"id":6958,"href":"http:\/\/fundaciolluiscoromina.org\/index.php\/wp-json\/wp\/v2\/posts\/6209\/revisions\/6958"}],"wp:featuredmedia":[{"embeddable":true,"href":"http:\/\/fundaciolluiscoromina.org\/index.php\/wp-json\/wp\/v2\/media\/6131"}],"wp:attachment":[{"href":"http:\/\/fundaciolluiscoromina.org\/index.php\/wp-json\/wp\/v2\/media?parent=6209"}],"wp:term":[{"taxonomy":"category","embeddable":true,"href":"http:\/\/fundaciolluiscoromina.org\/index.php\/wp-json\/wp\/v2\/categories?post=6209"},{"taxonomy":"post_tag","embeddable":true,"href":"http:\/\/fundaciolluiscoromina.org\/index.php\/wp-json\/wp\/v2\/tags?post=6209"}],"curies":[{"name":"wp","href":"https:\/\/api.w.org\/{rel}","templated":true}]}}