{"id":6213,"date":"2024-03-18T12:46:40","date_gmt":"2024-03-18T11:46:40","guid":{"rendered":"http:\/\/www.fundaciolluiscoromina.org\/?p=6213"},"modified":"2026-09-02T16:50:35","modified_gmt":"2026-09-02T14:50:35","slug":"la-fundacio-lluis-corominas-collabora-amb-el-69e-concurs-internacional-de-musica-maria-canals","status":"publish","type":"post","link":"http:\/\/fundaciolluiscoromina.org\/index.php\/2024\/03\/18\/la-fundacio-lluis-corominas-collabora-amb-el-69e-concurs-internacional-de-musica-maria-canals\/","title":{"rendered":"La Fundaci\u00f3 Llu\u00eds Corominas col\u00b7labora amb el 69\u00e8 Concurs Internacional de M\u00fasica Maria Canals"},"content":{"rendered":"<p>Un any m\u00e9s, la Fundaci\u00f3 Llu\u00eds Corominas \u00e9s una de les entitats col\u00b7laboradores\u00a0del Concurs Internacional de M\u00fasica Maria Canals a trav\u00e9s de l&#8217;apartat Premis Concert. Enguany, la 69a edici\u00f3 d&#8217;aquest certamen tornar\u00e0 a comptar amb el <strong>Premi Fundaci\u00f3 Llu\u00eds Corominas<\/strong> a un dels concursants finalistes, que tindr\u00e0 l&#8217;oportunitat d&#8217;oferir un concert en el marc de la programaci\u00f3 d&#8217;estiu de l&#8217;Auditori de Girona. Un premi que est\u00e0 estretament lligat al vincle de la presidenta d<span class=\"hiddenSpellError\">onor<\/span>\u00a0de la Fundaci\u00f3, la Sra. Montserrat Isern.<\/p>\n<p>Del 10 al 21 de mar\u00e7, un total de 73 pianistes de 32 pa\u00efsos diferents participaran en la 69a edici\u00f3 del Concurs Internacional de M\u00fasica Maria Canals Barcelona, un certamen que, des del 1954, t\u00e9 la finalitat d&#8217;ajudar els joves int\u00e8rprets de tot al m\u00f3n que es volen dedicar professionalment a la pr\u00e0ctica musical. La Gran Final tindr\u00e0 lloc el pr\u00f2xim dijous 21 de mar\u00e7 al Sal\u00f3 de Cent de l&#8217;Ajuntament de Barcelona, en un acte on es lliuraran els premis i recompenses a tots els guanyadors, valorats amb m\u00e9s de 80.000 euros, i on el concursant que ha obtingut el Primer Premi oferir\u00e0 una demostraci\u00f3 del seu talent i virtuosisme.<\/p>\n<p>L&#8217;associaci\u00f3 del Concurs Internacional de M\u00fasica Maria Canals \u00e9s una entitat sense \u00e0nim de lucre que tamb\u00e9 treballa des de fa anys per trencar les barreres socials, culturals i ideol\u00f2giques que tradicionalment han dificultat l&#8217;acc\u00e9s majoritari a la pr\u00e0ctica musical, especialment en l&#8217;\u00e0mbit de la m\u00fasica cl\u00e0ssica i del piano, a trav\u00e9s de l&#8217;organitzaci\u00f3 de l&#8217;<strong>OFF Concurs.<\/strong> Un programa divulgatiu, educatiu i social que inclou totes les iniciatives que van m\u00e9s enll\u00e0 del prestigiat concurs i que promouen l&#8217;acc\u00e9s a la m\u00fasica i la pr\u00e0ctica amateur per part de grans i petits, en l&#8217;educaci\u00f3 reglada i no reglada, per transmetre que l&#8217;exercici i el gaudi de la m\u00fasica s\u00f3n essencials per al desenvolupament personal de tots i totes.<\/p>\n","protected":false},"excerpt":{"rendered":"<p>Un any m\u00e9s, la Fundaci\u00f3 Llu\u00eds Corominas \u00e9s una de les entitats col\u00b7laboradores\u00a0del Concurs Internacional de M\u00fasica Maria Canals a &#8230;<\/p>\n","protected":false},"author":2,"featured_media":6214,"comment_status":"closed","ping_status":"open","sticky":false,"template":"","format":"standard","meta":{"footnotes":""},"categories":[14,15,10,11],"tags":[],"class_list":["post-6213","post","type-post","status-publish","format-standard","has-post-thumbnail","hentry","category-accions-culturals","category-accions-socials","category-activitats","category-educacio-2"],"_links":{"self":[{"href":"http:\/\/fundaciolluiscoromina.org\/index.php\/wp-json\/wp\/v2\/posts\/6213","targetHints":{"allow":["GET"]}}],"collection":[{"href":"http:\/\/fundaciolluiscoromina.org\/index.php\/wp-json\/wp\/v2\/posts"}],"about":[{"href":"http:\/\/fundaciolluiscoromina.org\/index.php\/wp-json\/wp\/v2\/types\/post"}],"author":[{"embeddable":true,"href":"http:\/\/fundaciolluiscoromina.org\/index.php\/wp-json\/wp\/v2\/users\/2"}],"replies":[{"embeddable":true,"href":"http:\/\/fundaciolluiscoromina.org\/index.php\/wp-json\/wp\/v2\/comments?post=6213"}],"version-history":[{"count":1,"href":"http:\/\/fundaciolluiscoromina.org\/index.php\/wp-json\/wp\/v2\/posts\/6213\/revisions"}],"predecessor-version":[{"id":6960,"href":"http:\/\/fundaciolluiscoromina.org\/index.php\/wp-json\/wp\/v2\/posts\/6213\/revisions\/6960"}],"wp:featuredmedia":[{"embeddable":true,"href":"http:\/\/fundaciolluiscoromina.org\/index.php\/wp-json\/wp\/v2\/media\/6214"}],"wp:attachment":[{"href":"http:\/\/fundaciolluiscoromina.org\/index.php\/wp-json\/wp\/v2\/media?parent=6213"}],"wp:term":[{"taxonomy":"category","embeddable":true,"href":"http:\/\/fundaciolluiscoromina.org\/index.php\/wp-json\/wp\/v2\/categories?post=6213"},{"taxonomy":"post_tag","embeddable":true,"href":"http:\/\/fundaciolluiscoromina.org\/index.php\/wp-json\/wp\/v2\/tags?post=6213"}],"curies":[{"name":"wp","href":"https:\/\/api.w.org\/{rel}","templated":true}]}}