{"id":6218,"date":"2024-03-28T12:57:37","date_gmt":"2024-03-28T11:57:37","guid":{"rendered":"http:\/\/www.fundaciolluiscoromina.org\/?p=6218"},"modified":"2026-09-02T16:50:35","modified_gmt":"2026-09-02T14:50:35","slug":"xiaolu-zang-sendu-el-premi-fundacio-lluis-coromina-del-concurs-internacional-de-musica-maria-canals","status":"publish","type":"post","link":"http:\/\/fundaciolluiscoromina.org\/index.php\/2024\/03\/28\/xiaolu-zang-sendu-el-premi-fundacio-lluis-coromina-del-concurs-internacional-de-musica-maria-canals\/","title":{"rendered":"Xiaolu Zang s\u2019enduu el Premi Fundaci\u00f3 Llu\u00eds Coromina del Concurs Internacional de M\u00fasica Maria Canals"},"content":{"rendered":"<p>Un any m\u00e9s, la Fundaci\u00f3 Llu\u00eds Coromina ha col\u00b7laborat amb el <a href=\"https:\/\/www.mariacanals.org\/es\/\">Concurs Internacional de M\u00fasica Maria Canals<\/a> a trav\u00e9s de l\u2019apartat Premis Concert. La 69\u00aa edici\u00f3 d\u2019aquest certamen ha tornat a comptar amb el Premi Fundaci\u00f3 Llu\u00eds Coromina, que dona l\u2019oportunitat a un dels finalistes d\u2019oferir un concert dins el marc de la programaci\u00f3 d\u2019estiu de l\u2019Auditori de Girona, dotat en 1.500 euros. Enguany aquest guard\u00f3 se l\u2019ha endut el xin\u00e8s Xiaolu Zang, guanyador dels concursos internacionals de Verona i Mayenne i, tamb\u00e9, del primer premi d\u2019aquest certamen.<\/p>\n<p>El Concurs Internacional de M\u00fasica Maria Canals va tenir lloc entre el 10 i el 21 de mar\u00e7 al Palau de la M\u00fasica Catalana i va reunir m\u00e9s d\u2019una setantena de pianistes joves de 32 pa\u00efsos diferents. La competici\u00f3, que \u00e9s la m\u00e9s antiga en el seu g\u00e8nere a Espanya, va repartir premis per valor de 80.000 euros a m\u00e9s d\u2019una trentena de recitals i concerts remunerats per al guanyador i altres finalistes.<\/p>\n<p>Paral\u00b7lelament, l\u2019associaci\u00f3 del Concurs Internacional de M\u00fasica Maria Canals t\u00e9 un calendari d\u2019activitats divulgatives, educatives i socials, conegut com <a href=\"https:\/\/www.mariacanals.org\/es\/off-concurs\/\">OFF Concurs<\/a>, amb el que fa anys que lluita per trencar les barreres socials, culturals i ideol\u00f2giques que tradicionalment han allunyat l\u2019acc\u00e9s majoritari a les pr\u00e0ctiques musicals, sobretot en l\u2019\u00e0mbit de la m\u00fasica cl\u00e0ssica i el piano. Vol apropar la m\u00fasica a tothom i conscienciar sobre l\u2019essencialitat que t\u00e9 la m\u00fasica en el nostre desenvolupament personal.<\/p>\n","protected":false},"excerpt":{"rendered":"<p>Un any m\u00e9s, la Fundaci\u00f3 Llu\u00eds Coromina ha col\u00b7laborat amb el Concurs Internacional de M\u00fasica Maria Canals a trav\u00e9s de &#8230;<\/p>\n","protected":false},"author":2,"featured_media":6219,"comment_status":"closed","ping_status":"open","sticky":false,"template":"","format":"standard","meta":{"footnotes":""},"categories":[14,15],"tags":[],"class_list":["post-6218","post","type-post","status-publish","format-standard","has-post-thumbnail","hentry","category-accions-culturals","category-accions-socials"],"_links":{"self":[{"href":"http:\/\/fundaciolluiscoromina.org\/index.php\/wp-json\/wp\/v2\/posts\/6218","targetHints":{"allow":["GET"]}}],"collection":[{"href":"http:\/\/fundaciolluiscoromina.org\/index.php\/wp-json\/wp\/v2\/posts"}],"about":[{"href":"http:\/\/fundaciolluiscoromina.org\/index.php\/wp-json\/wp\/v2\/types\/post"}],"author":[{"embeddable":true,"href":"http:\/\/fundaciolluiscoromina.org\/index.php\/wp-json\/wp\/v2\/users\/2"}],"replies":[{"embeddable":true,"href":"http:\/\/fundaciolluiscoromina.org\/index.php\/wp-json\/wp\/v2\/comments?post=6218"}],"version-history":[{"count":1,"href":"http:\/\/fundaciolluiscoromina.org\/index.php\/wp-json\/wp\/v2\/posts\/6218\/revisions"}],"predecessor-version":[{"id":6957,"href":"http:\/\/fundaciolluiscoromina.org\/index.php\/wp-json\/wp\/v2\/posts\/6218\/revisions\/6957"}],"wp:featuredmedia":[{"embeddable":true,"href":"http:\/\/fundaciolluiscoromina.org\/index.php\/wp-json\/wp\/v2\/media\/6219"}],"wp:attachment":[{"href":"http:\/\/fundaciolluiscoromina.org\/index.php\/wp-json\/wp\/v2\/media?parent=6218"}],"wp:term":[{"taxonomy":"category","embeddable":true,"href":"http:\/\/fundaciolluiscoromina.org\/index.php\/wp-json\/wp\/v2\/categories?post=6218"},{"taxonomy":"post_tag","embeddable":true,"href":"http:\/\/fundaciolluiscoromina.org\/index.php\/wp-json\/wp\/v2\/tags?post=6218"}],"curies":[{"name":"wp","href":"https:\/\/api.w.org\/{rel}","templated":true}]}}