{"id":6225,"date":"2024-04-03T12:27:56","date_gmt":"2024-04-03T10:27:56","guid":{"rendered":"http:\/\/www.fundaciolluiscoromina.org\/?p=6225"},"modified":"2026-09-02T16:50:35","modified_gmt":"2026-09-02T14:50:35","slug":"aquest-sant-jordi-lespai-eat-art-acull-el-recital-de-nus-de-carn-direne-tarres","status":"publish","type":"post","link":"http:\/\/fundaciolluiscoromina.org\/index.php\/2024\/04\/03\/aquest-sant-jordi-lespai-eat-art-acull-el-recital-de-nus-de-carn-direne-tarres\/","title":{"rendered":"Aquest Sant Jordi, l\u2019Espai Eat acull el recital de \u2018Nus de carn\u2019 d\u2019Irene Tarr\u00e9s"},"content":{"rendered":"<p>El proper 23 d\u2019abril, coincidint amb la diada de Sant Jordi, l\u2019Espai Eat Art de Banyoles acollir\u00e0 el recital po\u00e8tic i musical del poemari <em>nus de carn<\/em>\u00a0d\u2019Irene Tarr\u00e9s Canimas, on l\u2019acompanyar\u00e0 la violinista Helena Masafrets. L\u2019acte, que comen\u00e7ar\u00e0 a les 19 h, comptar\u00e0 amb la col\u00b7laboraci\u00f3 especial de Maria Calo i Teseu Tarr\u00e9s Canimas i clour\u00e0 amb un espai de venda i signatura de llibres i un petit piscolabis.<\/p>\n<p><em>nus de carn<\/em>\u00a0\u00e9s el nou poemari de l\u2019escriptora, on parla dels lligams de la maternitat a partir de quaranta-cinc tankes (poesia japonesa de car\u00e0cter breu), que reflecteixen diversos moments espigolats d\u2019una experi\u00e8ncia intensa. L\u2019obra ha rebut el Premi Octubre Vicent Andr\u00e9s Estell\u00e9s de Poesia per part d\u2019un jurat format per Roger Mas, Irene Mira-Navarro i Blanca Llum Vidal.<\/p>\n<p>Irene Tarr\u00e9s Canimas ha publicat diversos reculls de poemes, entre els quals destaca <em>I si ens enfonsem?<\/em>\u00a0o <em>Treta de terra<\/em>, aquest \u00faltim amb il\u00b7lustracions d\u2019Albert Tarr\u00e9s. Tamb\u00e9 \u00e9s l&#8217;autora de\u00a0<em>Chureca<\/em>, una obra de teatre guanyadora del premi Josep Ametller 2015, de la revista <em>Recvll, <\/em>i que Marc Rossich va dirigir a la Sala Beckett, i del dietari <em>Dents de gebre<\/em>, publicat al\u00a0web del Col\u00b7lectiu Pere Quart. Actualment, combina l\u2019escriptura amb l\u2019ensenyament de Llengua Catalana i Literatura a l\u2019Institut Josep Brugulat.<\/p>\n","protected":false},"excerpt":{"rendered":"<p>El proper 23 d\u2019abril, coincidint amb la diada de Sant Jordi, l\u2019Espai Eat Art de Banyoles acollir\u00e0 el recital po\u00e8tic &#8230;<\/p>\n","protected":false},"author":2,"featured_media":6231,"comment_status":"closed","ping_status":"open","sticky":false,"template":"","format":"standard","meta":{"footnotes":""},"categories":[14,10,17],"tags":[],"class_list":["post-6225","post","type-post","status-publish","format-standard","has-post-thumbnail","hentry","category-accions-culturals","category-activitats","category-exposicions-espai-eat-art"],"_links":{"self":[{"href":"http:\/\/fundaciolluiscoromina.org\/index.php\/wp-json\/wp\/v2\/posts\/6225","targetHints":{"allow":["GET"]}}],"collection":[{"href":"http:\/\/fundaciolluiscoromina.org\/index.php\/wp-json\/wp\/v2\/posts"}],"about":[{"href":"http:\/\/fundaciolluiscoromina.org\/index.php\/wp-json\/wp\/v2\/types\/post"}],"author":[{"embeddable":true,"href":"http:\/\/fundaciolluiscoromina.org\/index.php\/wp-json\/wp\/v2\/users\/2"}],"replies":[{"embeddable":true,"href":"http:\/\/fundaciolluiscoromina.org\/index.php\/wp-json\/wp\/v2\/comments?post=6225"}],"version-history":[{"count":1,"href":"http:\/\/fundaciolluiscoromina.org\/index.php\/wp-json\/wp\/v2\/posts\/6225\/revisions"}],"predecessor-version":[{"id":6956,"href":"http:\/\/fundaciolluiscoromina.org\/index.php\/wp-json\/wp\/v2\/posts\/6225\/revisions\/6956"}],"wp:featuredmedia":[{"embeddable":true,"href":"http:\/\/fundaciolluiscoromina.org\/index.php\/wp-json\/wp\/v2\/media\/6231"}],"wp:attachment":[{"href":"http:\/\/fundaciolluiscoromina.org\/index.php\/wp-json\/wp\/v2\/media?parent=6225"}],"wp:term":[{"taxonomy":"category","embeddable":true,"href":"http:\/\/fundaciolluiscoromina.org\/index.php\/wp-json\/wp\/v2\/categories?post=6225"},{"taxonomy":"post_tag","embeddable":true,"href":"http:\/\/fundaciolluiscoromina.org\/index.php\/wp-json\/wp\/v2\/tags?post=6225"}],"curies":[{"name":"wp","href":"https:\/\/api.w.org\/{rel}","templated":true}]}}