{"id":6237,"date":"2024-04-19T13:28:15","date_gmt":"2024-04-19T11:28:15","guid":{"rendered":"http:\/\/www.fundaciolluiscoromina.org\/?p=6237"},"modified":"2026-09-02T16:50:35","modified_gmt":"2026-09-02T14:50:35","slug":"lespai-eat-art-de-banyoles-acull-la-inauguracio-de-lexposicio-joan-comalat-imatges-fotografiques-2002-2016","status":"publish","type":"post","link":"http:\/\/fundaciolluiscoromina.org\/index.php\/2024\/04\/19\/lespai-eat-art-de-banyoles-acull-la-inauguracio-de-lexposicio-joan-comalat-imatges-fotografiques-2002-2016\/","title":{"rendered":"L&#8217;Espai Eat Art de Banyoles acull la inauguraci\u00f3 de l&#8217;exposici\u00f3 &#8216;Joan Comalat, digitalment (2002-2016)&#8217;"},"content":{"rendered":"<p>El pr\u00f2xim divendres 3 de maig, a les 19 h, l&#8217;Espai\u00a0<span class=\"hiddenSpellError\">Eat<\/span>\u00a0Art de Banyoles acollir\u00e0 la inauguraci\u00f3 de l&#8217;exposici\u00f3 <em>Joan Comalat, digitalment (2002-2016)<\/em>. Una mostra amb trenta-sis fotografies in\u00e8dites dels \u00faltims anys del fot\u00f2graf banyol\u00ed, dividida en tres apartats diferents: premsa, retrat i editorial. Es tracta d&#8217;un conjunt d&#8217;instant\u00e0nies escollides entre les cent mil cedides a l&#8217;Arxiu Comarcal del Pla de l&#8217;Estany (Arxiu Municipal de Banyoles).<\/p>\n<p>Conegut per les fotografies a Salvador Dal\u00ed (1979), Joan Comalat \u00e9s fotoperiodista, fot\u00f2graf i arquitecte t\u00e8cnic. \u00c9s autor del llibre de\u00a0col\u00b7leccionista\u00a0<em><span class=\"hiddenGrammarError\">10.7<\/span>=72<\/em> (1977), coordinat per Albert R.\u00a0<span class=\"hiddenSpellError\">Gusp\u00ed<\/span>\u00a0i amb la participaci\u00f3 d&#8217;altres fot\u00f2grafs com Formiguera,\u00a0<span class=\"hiddenSpellError\">Mill\u00e1n<\/span>, Fontcuberta<span class=\"hiddenGrammarError\" style=\"padding-bottom: 2px; background-image: url('..\/..\/..\/..\/..\/images\/squiggle.png'); background-repeat: repeat-x; background-position: left bottom; cursor: default; color: #000000; font-family: 'Open Sans', Helvetica, Arial, sans-serif; font-size: 16px; font-style: normal; font-variant-ligatures: normal; font-variant-caps: normal; font-weight: 300; letter-spacing: normal; orphans: 2; text-align: start; text-indent: 0px; text-transform: none; widows: 2; word-spacing: 0px; -webkit-text-stroke-width: 0px; white-space: normal; text-decoration-thickness: initial; text-decoration-style: initial; text-decoration-color: initial;\">, Ton<\/span>\u00a0Coma i Navarro, entre d&#8217;altres. A m\u00e9s, va ser membre del\u00a0<em>Col\u00b7lectiu\u00a03 Peus<\/em>, des d&#8217;on va organitzar debats i exposicions a la Llotja del Tint de Banyoles (1977-1978), i tamb\u00e9 va ser cofundador i codirector de la <em>Galeria Spectrum\u00a0<span class=\"hiddenSpellError\">Cannon<\/span>\u00a0<\/em>de Girona, juntament amb Ramon Panosa i Joaquim Bosch (1980-1983). En l&#8217;\u00e0mbit de la premsa, va ser cap de fotografia d&#8217;<em>El Punt Diari<\/em> (1979-1985), i posteriorment, va publicar fotografies a diferents mitjans de comunicaci\u00f3 nacionals i internacionals, i va\u00a0col\u00b7laborar\u00a0amb l&#8217;ag\u00e8ncia banc d&#8217;imatges AGE\u00a0<span class=\"hiddenSpellError\">Fotostock<\/span>\u00a0(1996-2015) i el <em>Diari de Girona<\/em> (2002-2016). Tamb\u00e9 va practicar la fotografia de moda i\u00a0<span class=\"hiddenSpellError\">glamur<\/span>\u00a0a Barcelona.<\/p>\n","protected":false},"excerpt":{"rendered":"<p>El pr\u00f2xim divendres 3 de maig, a les 19 h, l&#8217;Espai\u00a0Eat\u00a0Art de Banyoles acollir\u00e0 la inauguraci\u00f3 de l&#8217;exposici\u00f3 Joan Comalat, &#8230;<\/p>\n","protected":false},"author":2,"featured_media":6238,"comment_status":"closed","ping_status":"open","sticky":false,"template":"","format":"standard","meta":{"footnotes":""},"categories":[14,17],"tags":[],"class_list":["post-6237","post","type-post","status-publish","format-standard","has-post-thumbnail","hentry","category-accions-culturals","category-exposicions-espai-eat-art"],"_links":{"self":[{"href":"http:\/\/fundaciolluiscoromina.org\/index.php\/wp-json\/wp\/v2\/posts\/6237","targetHints":{"allow":["GET"]}}],"collection":[{"href":"http:\/\/fundaciolluiscoromina.org\/index.php\/wp-json\/wp\/v2\/posts"}],"about":[{"href":"http:\/\/fundaciolluiscoromina.org\/index.php\/wp-json\/wp\/v2\/types\/post"}],"author":[{"embeddable":true,"href":"http:\/\/fundaciolluiscoromina.org\/index.php\/wp-json\/wp\/v2\/users\/2"}],"replies":[{"embeddable":true,"href":"http:\/\/fundaciolluiscoromina.org\/index.php\/wp-json\/wp\/v2\/comments?post=6237"}],"version-history":[{"count":1,"href":"http:\/\/fundaciolluiscoromina.org\/index.php\/wp-json\/wp\/v2\/posts\/6237\/revisions"}],"predecessor-version":[{"id":6955,"href":"http:\/\/fundaciolluiscoromina.org\/index.php\/wp-json\/wp\/v2\/posts\/6237\/revisions\/6955"}],"wp:featuredmedia":[{"embeddable":true,"href":"http:\/\/fundaciolluiscoromina.org\/index.php\/wp-json\/wp\/v2\/media\/6238"}],"wp:attachment":[{"href":"http:\/\/fundaciolluiscoromina.org\/index.php\/wp-json\/wp\/v2\/media?parent=6237"}],"wp:term":[{"taxonomy":"category","embeddable":true,"href":"http:\/\/fundaciolluiscoromina.org\/index.php\/wp-json\/wp\/v2\/categories?post=6237"},{"taxonomy":"post_tag","embeddable":true,"href":"http:\/\/fundaciolluiscoromina.org\/index.php\/wp-json\/wp\/v2\/tags?post=6237"}],"curies":[{"name":"wp","href":"https:\/\/api.w.org\/{rel}","templated":true}]}}