{"id":6252,"date":"2024-05-16T11:21:34","date_gmt":"2024-05-16T09:21:34","guid":{"rendered":"http:\/\/www.fundaciolluiscoromina.org\/?p=6252"},"modified":"2026-09-02T16:50:35","modified_gmt":"2026-09-02T14:50:35","slug":"lespai-isern-dalmau-acull-la-presentacio-del-nou-llibre-de-daniel-gasol","status":"publish","type":"post","link":"http:\/\/fundaciolluiscoromina.org\/index.php\/2024\/05\/16\/lespai-isern-dalmau-acull-la-presentacio-del-nou-llibre-de-daniel-gasol\/","title":{"rendered":"L&#8217;Espai Isern Dalmau acull la presentaci\u00f3 del llibre de Daniel Gasol sobre el col\u00b7lectiu V\u00eddeo-Nou i Servei de V\u00eddeo Comunitari"},"content":{"rendered":"<p>El pr\u00f2xim dijous 23 de maig, la Fundaci\u00f3 Llu\u00eds Coromina acollir\u00e0 la presentaci\u00f3 del llibre <em>Hist\u00f2ria no oficial durant la hipot\u00e8tica Transici\u00f3. El cas V\u00eddeo-Nou \/ Servei de V\u00eddeo Comunitari\u00a0 <\/em>(Raig Verd, 2024) de Daniel Gasol. Presentat per la cr\u00edtica d&#8217;art Montse Badia, l&#8217;acte tindr\u00e0 lloc a les 19 h i comptar\u00e0 amb la signatura d&#8217;exemplars per part de l&#8217;autor.<\/p>\n<p>El llibre recull, a partir d\u2019entrevistes amb els seus integrants, l\u2019experi\u00e8ncia d\u2019aquest col\u00b7lectiu autogestionat que va veure en el documental una eina innovadora i \u00e0gil d\u2019agitaci\u00f3 social. Un treball que t\u00e9 l&#8217;objectiu de reescriure la hist\u00f2ria entre el 1975 i el 1983 i plantejar les nostres her\u00e8ncies contempor\u00e0nies.<\/p>\n<p>El 2020 Daniel Gasol va obtenir una beca per estudiar els treballs de v\u00eddeo i mecanismes socials que el col.lectiu V\u00eddeo-Nou\/Servei de V\u00eddeo Comunitari va utilitzar per posar en crisi el relat oficial d\u2019una transici\u00f3 espanyola suposadament mod\u00e8lica. Una recerca que, ara, adopta forma de llibre.<\/p>\n","protected":false},"excerpt":{"rendered":"<p>El pr\u00f2xim dijous 23 de maig, la Fundaci\u00f3 Llu\u00eds Coromina acollir\u00e0 la presentaci\u00f3 del llibre Hist\u00f2ria no oficial durant la &#8230;<\/p>\n","protected":false},"author":2,"featured_media":6253,"comment_status":"closed","ping_status":"open","sticky":false,"template":"","format":"standard","meta":{"footnotes":""},"categories":[14,10,228],"tags":[],"class_list":["post-6252","post","type-post","status-publish","format-standard","has-post-thumbnail","hentry","category-accions-culturals","category-activitats","category-exposicions-espai-isern-dalmau"],"_links":{"self":[{"href":"http:\/\/fundaciolluiscoromina.org\/index.php\/wp-json\/wp\/v2\/posts\/6252","targetHints":{"allow":["GET"]}}],"collection":[{"href":"http:\/\/fundaciolluiscoromina.org\/index.php\/wp-json\/wp\/v2\/posts"}],"about":[{"href":"http:\/\/fundaciolluiscoromina.org\/index.php\/wp-json\/wp\/v2\/types\/post"}],"author":[{"embeddable":true,"href":"http:\/\/fundaciolluiscoromina.org\/index.php\/wp-json\/wp\/v2\/users\/2"}],"replies":[{"embeddable":true,"href":"http:\/\/fundaciolluiscoromina.org\/index.php\/wp-json\/wp\/v2\/comments?post=6252"}],"version-history":[{"count":1,"href":"http:\/\/fundaciolluiscoromina.org\/index.php\/wp-json\/wp\/v2\/posts\/6252\/revisions"}],"predecessor-version":[{"id":6954,"href":"http:\/\/fundaciolluiscoromina.org\/index.php\/wp-json\/wp\/v2\/posts\/6252\/revisions\/6954"}],"wp:featuredmedia":[{"embeddable":true,"href":"http:\/\/fundaciolluiscoromina.org\/index.php\/wp-json\/wp\/v2\/media\/6253"}],"wp:attachment":[{"href":"http:\/\/fundaciolluiscoromina.org\/index.php\/wp-json\/wp\/v2\/media?parent=6252"}],"wp:term":[{"taxonomy":"category","embeddable":true,"href":"http:\/\/fundaciolluiscoromina.org\/index.php\/wp-json\/wp\/v2\/categories?post=6252"},{"taxonomy":"post_tag","embeddable":true,"href":"http:\/\/fundaciolluiscoromina.org\/index.php\/wp-json\/wp\/v2\/tags?post=6252"}],"curies":[{"name":"wp","href":"https:\/\/api.w.org\/{rel}","templated":true}]}}