{"id":6261,"date":"2024-05-16T11:45:35","date_gmt":"2024-05-16T09:45:35","guid":{"rendered":"http:\/\/www.fundaciolluiscoromina.org\/?p=6261"},"modified":"2026-09-02T16:50:35","modified_gmt":"2026-09-02T14:50:35","slug":"el-fem-jazz-arriba-a-lespai-eat-art-amb-lhomenatge-a-marianne-brull-miriam-felix-i-sarah-claman","status":"publish","type":"post","link":"http:\/\/fundaciolluiscoromina.org\/index.php\/2024\/05\/16\/el-fem-jazz-arriba-a-lespai-eat-art-amb-lhomenatge-a-marianne-brull-miriam-felix-i-sarah-claman\/","title":{"rendered":"El FEMJazz! arriba a l&#8217;Espai Eat Art amb &#8216;Homenatge a Marianne Brull: M\u00edriam F\u00e8lix i Sarah Claman&#8217;"},"content":{"rendered":"<p>Del 24 al 26 de maig, el Festival d\u2019Emerg\u00e8ncies Musicals de Banyoles, <a href=\"http:\/\/www.femjazz.cat\">el FEMJazz<\/a>!, celebra la seva trentena edici\u00f3 a la capital del Pla de l&#8217;Estany amb 15 propostes tant d&#8217;artistes emergents com consolidats de les diferents vessants del jazz. Organitzat pel Taller de M\u00fasica de Banyoles, el festival far\u00e0 parada, un any m\u00e9s, a l&#8217;Espai Eat Art de la Fundaci\u00f3 Llu\u00eds Coromina. En aquesta ocasi\u00f3, amb <em>Homenatge a Marianne Brull: M\u00edriam F\u00e8lix i Sarah Claman<\/em>. Un concert que tindr\u00e0 lloc el divendres 24 de maig a les 20 h, en qu\u00e8 la violoncel\u00b7lista M\u00edriam F\u00e8lix i la violinista Sarah Claman tocaran juntes per primer cop per retre homenatge a una de les figures clau de les m\u00fasiques improvisades de Catalunya, Marianne Brull.<\/p>\n<p>Divulgadora i entusiasta de la improvisaci\u00f3 lliure, Brull es va convertir en el pal de paller d\u2019aquesta escena a la ciutat i al pa\u00eds, primer com a assistent a concerts, assajos, gravacions i resid\u00e8ncies, i despr\u00e9s com a programadora a l\u2019Ex-Designer i l\u2019Ateneu Popular la Base. Aix\u00ed doncs, res millor que mantenir-ne viu el llegat que amb un concert de la m\u00fasica que tant va estimar i promoure. Abans de l\u2019actuaci\u00f3, es projectar\u00e0 el documental <i>Converses amb Marianne Brull<\/i>, de Lili Marsans i Noe Laviana (30\u2019).<\/p>\n","protected":false},"excerpt":{"rendered":"<p>Del 24 al 26 de maig, el Festival d\u2019Emerg\u00e8ncies Musicals de Banyoles, el FEMJazz!, celebra la seva trentena edici\u00f3 a &#8230;<\/p>\n","protected":false},"author":2,"featured_media":6262,"comment_status":"closed","ping_status":"open","sticky":false,"template":"","format":"standard","meta":{"footnotes":""},"categories":[14,10],"tags":[],"class_list":["post-6261","post","type-post","status-publish","format-standard","has-post-thumbnail","hentry","category-accions-culturals","category-activitats"],"_links":{"self":[{"href":"http:\/\/fundaciolluiscoromina.org\/index.php\/wp-json\/wp\/v2\/posts\/6261","targetHints":{"allow":["GET"]}}],"collection":[{"href":"http:\/\/fundaciolluiscoromina.org\/index.php\/wp-json\/wp\/v2\/posts"}],"about":[{"href":"http:\/\/fundaciolluiscoromina.org\/index.php\/wp-json\/wp\/v2\/types\/post"}],"author":[{"embeddable":true,"href":"http:\/\/fundaciolluiscoromina.org\/index.php\/wp-json\/wp\/v2\/users\/2"}],"replies":[{"embeddable":true,"href":"http:\/\/fundaciolluiscoromina.org\/index.php\/wp-json\/wp\/v2\/comments?post=6261"}],"version-history":[{"count":1,"href":"http:\/\/fundaciolluiscoromina.org\/index.php\/wp-json\/wp\/v2\/posts\/6261\/revisions"}],"predecessor-version":[{"id":6953,"href":"http:\/\/fundaciolluiscoromina.org\/index.php\/wp-json\/wp\/v2\/posts\/6261\/revisions\/6953"}],"wp:featuredmedia":[{"embeddable":true,"href":"http:\/\/fundaciolluiscoromina.org\/index.php\/wp-json\/wp\/v2\/media\/6262"}],"wp:attachment":[{"href":"http:\/\/fundaciolluiscoromina.org\/index.php\/wp-json\/wp\/v2\/media?parent=6261"}],"wp:term":[{"taxonomy":"category","embeddable":true,"href":"http:\/\/fundaciolluiscoromina.org\/index.php\/wp-json\/wp\/v2\/categories?post=6261"},{"taxonomy":"post_tag","embeddable":true,"href":"http:\/\/fundaciolluiscoromina.org\/index.php\/wp-json\/wp\/v2\/tags?post=6261"}],"curies":[{"name":"wp","href":"https:\/\/api.w.org\/{rel}","templated":true}]}}