{"id":6272,"date":"2024-05-24T14:50:21","date_gmt":"2024-05-24T12:50:21","guid":{"rendered":"http:\/\/www.fundaciolluiscoromina.org\/?p=6272"},"modified":"2026-09-02T16:50:35","modified_gmt":"2026-09-02T14:50:35","slug":"lespai-isern-dalmau-prolonga-lexposicio-la-cronometradora-de-stella-rahola-fins-a-finals-de-juny","status":"publish","type":"post","link":"http:\/\/fundaciolluiscoromina.org\/index.php\/2024\/05\/24\/lespai-isern-dalmau-prolonga-lexposicio-la-cronometradora-de-stella-rahola-fins-a-finals-de-juny\/","title":{"rendered":"L&#8217;Espai Isern Dalmau prolonga l&#8217;exposici\u00f3 &#8216;La Cronometradora&#8217; de Stella Rahola fins a finals de juny"},"content":{"rendered":"<p>L&#8217;Espai Isern Dalmau de la Fundaci\u00f3 Llu\u00eds Coromina prolongar\u00e0 l&#8217;exposici\u00f3 <strong><em>La Cronometradora<\/em><\/strong>, d&#8217;Stella Rahola Matutes fins a finals de juny. Aquesta mostra, que es va inaugurar el dijous 14 de mar\u00e7, \u00e9s la proposta guanyadora de la primera edici\u00f3 de la Biennal d&#8217;Arts Visuals Ricard Cam\u00ed,\u00a0un esdeveniment convocat\u00a0per la Fundaci\u00f3 Llu\u00eds Coromina, la Fundaci\u00f3 Antigues Caixes Catalanes i Bonart Cultural. Una instal.laci\u00f3 que explora\u00a0la interrelaci\u00f3 dels humans amb l\u2019aigua, que es pot analitzar tant des de la depend\u00e8ncia que en tenim, per\u00f2 tamb\u00e9 des dels efectes irreversibles que les accions humanes han ocasionat.<\/p>\n<p><em>La Cronometradora <\/em>desplega imaginaris al voltant de l\u2019aigua a partir d\u2019una proposta travessada per l\u2019eco-ficci\u00f3 i la versatilitat d\u2019un recurs essencial cada vegada m\u00e9s esc\u00e0s al planeta.\u00a0Es tracta d&#8217;una obra ambivalent,\u00a0una font potabilitzadora de l\u2019aigua de l\u2019aixeta de l\u2019Espai Isern Dalmau.\u00a0Un viatge\u00a0mat\u00e8ric i simb\u00f2lic que va de l\u2019observaci\u00f3 de l\u2018acci\u00f3 f\u00edsica a la reacci\u00f3 qu\u00edmica.<\/p>\n<p><strong>\u00a0<\/strong><\/p>\n","protected":false},"excerpt":{"rendered":"<p>L&#8217;Espai Isern Dalmau de la Fundaci\u00f3 Llu\u00eds Coromina prolongar\u00e0 l&#8217;exposici\u00f3 La Cronometradora, d&#8217;Stella Rahola Matutes fins a finals de juny. &#8230;<\/p>\n","protected":false},"author":2,"featured_media":6273,"comment_status":"closed","ping_status":"open","sticky":false,"template":"","format":"standard","meta":{"footnotes":""},"categories":[14,10],"tags":[],"class_list":["post-6272","post","type-post","status-publish","format-standard","has-post-thumbnail","hentry","category-accions-culturals","category-activitats"],"_links":{"self":[{"href":"http:\/\/fundaciolluiscoromina.org\/index.php\/wp-json\/wp\/v2\/posts\/6272","targetHints":{"allow":["GET"]}}],"collection":[{"href":"http:\/\/fundaciolluiscoromina.org\/index.php\/wp-json\/wp\/v2\/posts"}],"about":[{"href":"http:\/\/fundaciolluiscoromina.org\/index.php\/wp-json\/wp\/v2\/types\/post"}],"author":[{"embeddable":true,"href":"http:\/\/fundaciolluiscoromina.org\/index.php\/wp-json\/wp\/v2\/users\/2"}],"replies":[{"embeddable":true,"href":"http:\/\/fundaciolluiscoromina.org\/index.php\/wp-json\/wp\/v2\/comments?post=6272"}],"version-history":[{"count":1,"href":"http:\/\/fundaciolluiscoromina.org\/index.php\/wp-json\/wp\/v2\/posts\/6272\/revisions"}],"predecessor-version":[{"id":6952,"href":"http:\/\/fundaciolluiscoromina.org\/index.php\/wp-json\/wp\/v2\/posts\/6272\/revisions\/6952"}],"wp:featuredmedia":[{"embeddable":true,"href":"http:\/\/fundaciolluiscoromina.org\/index.php\/wp-json\/wp\/v2\/media\/6273"}],"wp:attachment":[{"href":"http:\/\/fundaciolluiscoromina.org\/index.php\/wp-json\/wp\/v2\/media?parent=6272"}],"wp:term":[{"taxonomy":"category","embeddable":true,"href":"http:\/\/fundaciolluiscoromina.org\/index.php\/wp-json\/wp\/v2\/categories?post=6272"},{"taxonomy":"post_tag","embeddable":true,"href":"http:\/\/fundaciolluiscoromina.org\/index.php\/wp-json\/wp\/v2\/tags?post=6272"}],"curies":[{"name":"wp","href":"https:\/\/api.w.org\/{rel}","templated":true}]}}