{"id":6275,"date":"2024-05-27T11:29:03","date_gmt":"2024-05-27T09:29:03","guid":{"rendered":"http:\/\/www.fundaciolluiscoromina.org\/?p=6275"},"modified":"2026-09-02T16:50:34","modified_gmt":"2026-09-02T14:50:34","slug":"sinaugura-a-berlin-la-mostra-ressonancies-europees-eduard-bigas-evoca-josep-pla-a-berlin-una-exposicio-amb-el-suport-de-la-fundacio-lluis-coromina","status":"publish","type":"post","link":"http:\/\/fundaciolluiscoromina.org\/index.php\/2024\/05\/27\/sinaugura-a-berlin-la-mostra-ressonancies-europees-eduard-bigas-evoca-josep-pla-a-berlin-una-exposicio-amb-el-suport-de-la-fundacio-lluis-coromina\/","title":{"rendered":"S&#8217;inaugura a Berl\u00edn la mostra &#8216;Resson\u00e0ncies europees: Eduard Bigas evoca Josep Pla&#8217;, una exposici\u00f3 amb el suport de la Fundaci\u00f3 Llu\u00eds Coromina"},"content":{"rendered":"<p>El pintor i dibuixant Eduard\u00a0<span class=\"hiddenGrammarError\">Bigas<\/span>\u00a0ha presentat l&#8217;exposici\u00f3 <em>Resson\u00e0ncies europees: Eduard\u00a0<span class=\"hiddenGrammarError\">Bigas<\/span>\u00a0evoca Josep Pla<\/em> a la delegaci\u00f3 del Govern a Alemanya. Una mostra amb el suport de la Fundaci\u00f3 Llu\u00eds Coromina que uneix l&#8217;art i la literatura en un viatge al trav\u00e9s de l&#8217;espai i en qu\u00e8 les peces creades per l&#8217;autor, inspirades en la visi\u00f3 de Josep Pla sobre la seva visi\u00f3 al voltant de l&#8217;Europa del segle XX.<\/p>\n<p>L&#8217;any 1923, com a corresponsal a Berl\u00edn per al diari La Publicitat, Josep Pla relatava al p\u00fablic catal\u00e0 com es veia l&#8217;escenari europeu de la postguerra mundial, marcat per una inflaci\u00f3 desbocada, una creixent crispaci\u00f3 i un ascens dels populismes, que acabaria desencadenant l&#8217;arribada dels diversos feixismes al poder la d\u00e8cada seg\u00fcent. Just un segle despr\u00e9s, un altre palafrugellenc establert a Berl\u00edn, l&#8217;artista pl\u00e0stic Eduard\u00a0<span class=\"hiddenGrammarError\">Bigas<\/span>, contempla l&#8217;escenari europeu i constata que tot all\u00f2 que veu el remet inexcusablement a l&#8217;obra de Josep Pla: la inflaci\u00f3, la guerra d&#8217;Ucra\u00efna, el renaixement dels populismes i l&#8217;extrema dreta&#8230;<\/p>\n<p>Eduard\u00a0<span class=\"hiddenGrammarError\">Bigas<\/span>\u00a0pret\u00e9n mostrar unes peces que es van inspirar en la lectura de l&#8217;obra de Josep Pla i les quals van ser creades espec\u00edficament per a aquesta exposici\u00f3. Aix\u00ed, es reparteixen a partir de diversos espais que han macat moments clau en la seva traject\u00f2ria vital i que serveixen per a il\u00b7lustrar el perfil cosmopolita que uneix ambd\u00f3s autors. L&#8217;exposici\u00f3 condueix els espectadors a diferents racons d&#8217;Europa, com Londres, R\u00fassia i Berl\u00edn. La capital alemanya, en concret, donat que Pla va exercir-hi de corresponsal.<\/p>\n<p>Les coincid\u00e8ncies entre els dos artistes d&#8217;aquesta mostra porta a una mostra que revitalitza la perspectiva que va tenir Pla per a capturar la realitat actual a trav\u00e9s de l&#8217;expressi\u00f3 art\u00edstica. Aix\u00ed, creen un di\u00e0leg entre ambd\u00f3s amb cent anys de dist\u00e0ncia a partir de diferents formes d&#8217;expressi\u00f3 art\u00edstica.<\/p>\n<p>Aquesta exposici\u00f3 arribar\u00e0 a l&#8217;Espai Isern Dalmau de Barcelona a partir del mes de juliol.<\/p>\n","protected":false},"excerpt":{"rendered":"<p>El pintor i dibuixant Eduard\u00a0Bigas\u00a0ha presentat l&#8217;exposici\u00f3 Resson\u00e0ncies europees: Eduard\u00a0Bigas\u00a0evoca Josep Pla a la delegaci\u00f3 del Govern a Alemanya. Una &#8230;<\/p>\n","protected":false},"author":2,"featured_media":6276,"comment_status":"closed","ping_status":"open","sticky":false,"template":"","format":"standard","meta":{"footnotes":""},"categories":[14,15,10],"tags":[],"class_list":["post-6275","post","type-post","status-publish","format-standard","has-post-thumbnail","hentry","category-accions-culturals","category-accions-socials","category-activitats"],"_links":{"self":[{"href":"http:\/\/fundaciolluiscoromina.org\/index.php\/wp-json\/wp\/v2\/posts\/6275","targetHints":{"allow":["GET"]}}],"collection":[{"href":"http:\/\/fundaciolluiscoromina.org\/index.php\/wp-json\/wp\/v2\/posts"}],"about":[{"href":"http:\/\/fundaciolluiscoromina.org\/index.php\/wp-json\/wp\/v2\/types\/post"}],"author":[{"embeddable":true,"href":"http:\/\/fundaciolluiscoromina.org\/index.php\/wp-json\/wp\/v2\/users\/2"}],"replies":[{"embeddable":true,"href":"http:\/\/fundaciolluiscoromina.org\/index.php\/wp-json\/wp\/v2\/comments?post=6275"}],"version-history":[{"count":1,"href":"http:\/\/fundaciolluiscoromina.org\/index.php\/wp-json\/wp\/v2\/posts\/6275\/revisions"}],"predecessor-version":[{"id":6951,"href":"http:\/\/fundaciolluiscoromina.org\/index.php\/wp-json\/wp\/v2\/posts\/6275\/revisions\/6951"}],"wp:featuredmedia":[{"embeddable":true,"href":"http:\/\/fundaciolluiscoromina.org\/index.php\/wp-json\/wp\/v2\/media\/6276"}],"wp:attachment":[{"href":"http:\/\/fundaciolluiscoromina.org\/index.php\/wp-json\/wp\/v2\/media?parent=6275"}],"wp:term":[{"taxonomy":"category","embeddable":true,"href":"http:\/\/fundaciolluiscoromina.org\/index.php\/wp-json\/wp\/v2\/categories?post=6275"},{"taxonomy":"post_tag","embeddable":true,"href":"http:\/\/fundaciolluiscoromina.org\/index.php\/wp-json\/wp\/v2\/tags?post=6275"}],"curies":[{"name":"wp","href":"https:\/\/api.w.org\/{rel}","templated":true}]}}