{"id":6279,"date":"2024-05-28T13:01:24","date_gmt":"2024-05-28T11:01:24","guid":{"rendered":"http:\/\/www.fundaciolluiscoromina.org\/?p=6279"},"modified":"2026-09-02T16:50:34","modified_gmt":"2026-09-02T14:50:34","slug":"lexposicio-fotografica-curart-de-tino-soriano-arriba-a-la-facultat-de-medicina-de-la-universitat-de-vic","status":"publish","type":"post","link":"http:\/\/fundaciolluiscoromina.org\/index.php\/2024\/05\/28\/lexposicio-fotografica-curart-de-tino-soriano-arriba-a-la-facultat-de-medicina-de-la-universitat-de-vic\/","title":{"rendered":"L\u2019exposici\u00f3 fotogr\u00e0fica \u2018CurArt\u2019 de Tino Soriano arriba a la Facultat de Medicina de la Universitat de Vic"},"content":{"rendered":"<p>El fot\u00f2graf Tino Soriano presenta l\u2019exposici\u00f3\u00a0<em>CurArt<\/em>\u00a0a la Facultat de Medicina de la Universitat de Vic, amb la col\u00b7laboraci\u00f3 de la Fundaci\u00f3 Llu\u00eds Coromina, que ha participat en la coproducci\u00f3 de la mostra, i de Bonart Cultural. La inauguraci\u00f3 tindr\u00e0 lloc el pr\u00f2xim\u00a0<strong>dilluns 3 de juny a les 13.30 h<\/strong>. L\u2019exposici\u00f3, que es tracta d\u2019un reportatge fotogr\u00e0fic realitzat durant les \u00faltimes quatre d\u00e8cades i \u00e9s un homenatge als professionals del m\u00f3n de la medicina i la sanitat, es podr\u00e0 visitar durant tres mesos al mateix espai.<\/p>\n<p>L\u2019exposici\u00f3\u00a0<em>CurArt<\/em>\u00a0\u00e9s un recull d\u2019imatges realitzades per Tino Soriano, reconegut fot\u00f2graf vinculat a la Fundaci\u00f3 Llu\u00eds Coromina. La mostra, que posa en relleu l\u2019art de curar, i dona visibilitat a l\u2019esfor\u00e7 i la const\u00e0ncia dels professionals del m\u00f3n sanitari, \u00e9s tamb\u00e9 un retrat de les viv\u00e8ncies i situacions de diversos \u00e0mbits de la medicina, com ara les visites domicili\u00e0ries, la feina dels metges rurals, els serveis d\u2019emerg\u00e8ncies, i moltes altres facetes que tot sovint queden invisibilitzades. Iniciada fa quaranta anys a l\u2019Institut Mental de Barcelona i finalitzada durant la crisi sanit\u00e0ria de la Covid, l\u2019exposici\u00f3 de Soriano recull imatges de diversos moments d\u2019alguns espais sanitaris del pa\u00eds,\u00a0 i visibilitza situacions com naixements, defuncions o operacions quir\u00f2fans, aix\u00ed com l\u2019\u00fas de les noves tecnologies o el tractament de pacients amb malalties greus, entre d\u2019altres . \u201cCurar \u00e9s un art i cuidar la salut tamb\u00e9\u201d, explica Soriano, que amb aquesta mostra ha volgut realitzar un homenatge i un agra\u00efment a tot el col\u00b7lectiu de professionals sanitaris del pa\u00eds.<\/p>\n<p>La mostra de fotografies\u00a0<em>CurArt<\/em>, que s\u2019inaugurar\u00e0 el pr\u00f2xim\u00a0<strong>dilluns 3 de juny a les 13.30 h<\/strong> a la Facultat de Medicina de Vic, i <strong>es podr\u00e0 visitar fins al divendres 13 de setembre.<br \/>\n<\/strong><\/p>\n<p><strong>Tino Soriano<\/strong><\/p>\n<p>Guardonat per la UNESCO, Tino Soriano \u00e9s un fot\u00f2graf vinculat a la Fundaci\u00f3 Llu\u00eds Coromina que ha estat premiat per l\u2019Organitzaci\u00f3 Mundial de la Salut i per l\u2019Acad\u00e8mia de Ci\u00e8ncies M\u00e8diques de Catalunya i Balears, entre d\u2019altres, gr\u00e0cies als seus reportatges fotogr\u00e0fics i la seva tasca divulgativa en el m\u00f3n de la sanitat. Ha treballat como a fot\u00f2graf en dotzenes d\u2019hospitals de tot el m\u00f3n i ha col\u00b7laborat amb diverses entitats m\u00e8diques, amb l\u2019objectiu de documentar amb espontane\u00eftat uns espais que s\u00f3n de dif\u00edcil acc\u00e9s per a les c\u00e0meres fotogr\u00e0fiques. A dia d\u2019avui, Tino Soriano treballa en un projecte sobre medicina tradicional a diversos pa\u00efsos amb National Geographic, on hi col\u00b7labora des de fa m\u00e9s de vint anys.<\/p>\n","protected":false},"excerpt":{"rendered":"<p>El fot\u00f2graf Tino Soriano presenta l\u2019exposici\u00f3\u00a0CurArt\u00a0a la Facultat de Medicina de la Universitat de Vic, amb la col\u00b7laboraci\u00f3 de la &#8230;<\/p>\n","protected":false},"author":2,"featured_media":5834,"comment_status":"closed","ping_status":"open","sticky":false,"template":"","format":"standard","meta":{"footnotes":""},"categories":[14,10],"tags":[],"class_list":["post-6279","post","type-post","status-publish","format-standard","has-post-thumbnail","hentry","category-accions-culturals","category-activitats"],"_links":{"self":[{"href":"http:\/\/fundaciolluiscoromina.org\/index.php\/wp-json\/wp\/v2\/posts\/6279","targetHints":{"allow":["GET"]}}],"collection":[{"href":"http:\/\/fundaciolluiscoromina.org\/index.php\/wp-json\/wp\/v2\/posts"}],"about":[{"href":"http:\/\/fundaciolluiscoromina.org\/index.php\/wp-json\/wp\/v2\/types\/post"}],"author":[{"embeddable":true,"href":"http:\/\/fundaciolluiscoromina.org\/index.php\/wp-json\/wp\/v2\/users\/2"}],"replies":[{"embeddable":true,"href":"http:\/\/fundaciolluiscoromina.org\/index.php\/wp-json\/wp\/v2\/comments?post=6279"}],"version-history":[{"count":1,"href":"http:\/\/fundaciolluiscoromina.org\/index.php\/wp-json\/wp\/v2\/posts\/6279\/revisions"}],"predecessor-version":[{"id":6950,"href":"http:\/\/fundaciolluiscoromina.org\/index.php\/wp-json\/wp\/v2\/posts\/6279\/revisions\/6950"}],"wp:featuredmedia":[{"embeddable":true,"href":"http:\/\/fundaciolluiscoromina.org\/index.php\/wp-json\/wp\/v2\/media\/5834"}],"wp:attachment":[{"href":"http:\/\/fundaciolluiscoromina.org\/index.php\/wp-json\/wp\/v2\/media?parent=6279"}],"wp:term":[{"taxonomy":"category","embeddable":true,"href":"http:\/\/fundaciolluiscoromina.org\/index.php\/wp-json\/wp\/v2\/categories?post=6279"},{"taxonomy":"post_tag","embeddable":true,"href":"http:\/\/fundaciolluiscoromina.org\/index.php\/wp-json\/wp\/v2\/tags?post=6279"}],"curies":[{"name":"wp","href":"https:\/\/api.w.org\/{rel}","templated":true}]}}