{"id":6282,"date":"2024-05-31T14:22:58","date_gmt":"2024-05-31T12:22:58","guid":{"rendered":"http:\/\/www.fundaciolluiscoromina.org\/?p=6282"},"modified":"2026-09-02T16:50:34","modified_gmt":"2026-09-02T14:50:34","slug":"lespai-isern-dalmau-acull-la-presentacio-del-llibre-de-lluis-costa-i-bruno-ferrer","status":"publish","type":"post","link":"http:\/\/fundaciolluiscoromina.org\/index.php\/2024\/05\/31\/lespai-isern-dalmau-acull-la-presentacio-del-llibre-de-lluis-costa-i-bruno-ferrer\/","title":{"rendered":"L&#8217;Espai Isern Dalmau acull la presentaci\u00f3 del llibre de Llu\u00eds Costa i Bruno Ferrer"},"content":{"rendered":"<p>El pr\u00f2xim dimarts 4 de juny, a les 19 h, la Fundaci\u00f3 Llu\u00eds Coromina acollir\u00e0 la presentaci\u00f3 del llibre <em>La destrucci\u00f3 del parad\u00eds? Eivissa, Walter Benjamin i el primer desenvolupament tur\u00edstic<\/em>\u00a0de Llu\u00eds Costa i Bruno Ferrer. Un llibre editat amb la col.laboraci\u00f3 de la Fundaci\u00f3 Llu\u00eds Coromina i bonart cultural que cont\u00e9 una\u00a0selecci\u00f3 dels escrits de ficci\u00f3 de Walter Benjamin de tema o ambientaci\u00f3 eivissenca que permet copsar indirectament, per una banda, la seva experi\u00e8ncia de l&#8217;illa i, per l&#8217;altra, com en aquests contes s&#8217;hi reflecteix el pensament i la reflexi\u00f3 te\u00f2rica del\u00a0seu autor.<\/p>\n<p>El 1932, Walter Benjamin escrivia: \u00abPer\u00f2 ja hi ha edificis hotelers inacabats a Eivissa i Sant Antoni, en els quals es promet aigua corrent als estrangers. El temps fins a la seva finalitzaci\u00f3 s&#8217;ha tornat preci\u00f3s\u00bb. Aquestes reflexions s\u00f3n producte de les seves estades a l\u2019illa l\u2019any 1932 i l\u2019any 1933. Quan va escriure aquestes paraules, el turisme es comen\u00e7ava a desenvolupar a Eivissa nom\u00e9s de manera t\u00edmida. El mateix any 1932 s\u2019inauguraren nous i moderns hotels i les coses comen\u00e7aven a canviar a poc a poc. De tornada, l\u2019any 1933, Sant Antoni se li va fer car i insuportable i va pensar a fugir d\u2019aquella col\u00f2nia de turistes estrangers.<\/p>\n<p>Sense teoritzar espec\u00edficament sobre el turisme, Walter Benjamin va apuntar interessants reflexions sobre els viatges, sobre els mitjans de transport o sobre el turisme, entre d&#8217;altres q\u00fcestions.\u00a0L\u2019an\u00e0lisi de la documentaci\u00f3 conservada, aix\u00ed com de la premsa del moment, permet una aproximaci\u00f3 a com s\u2019anava transformant l\u2019illa i als debats que s\u2019hi establien \u00edntimament (la necessitat de construir nous hotels, el patrimoni material i la seva conservaci\u00f3, la desaparici\u00f3 del folklore i de la roba t\u00edpica eivissenca, etc).<\/p>\n","protected":false},"excerpt":{"rendered":"<p>El pr\u00f2xim dimarts 4 de juny, a les 19 h, la Fundaci\u00f3 Llu\u00eds Coromina acollir\u00e0 la presentaci\u00f3 del llibre La &#8230;<\/p>\n","protected":false},"author":2,"featured_media":6283,"comment_status":"closed","ping_status":"open","sticky":false,"template":"","format":"standard","meta":{"footnotes":""},"categories":[14,10,228],"tags":[],"class_list":["post-6282","post","type-post","status-publish","format-standard","has-post-thumbnail","hentry","category-accions-culturals","category-activitats","category-exposicions-espai-isern-dalmau"],"_links":{"self":[{"href":"http:\/\/fundaciolluiscoromina.org\/index.php\/wp-json\/wp\/v2\/posts\/6282","targetHints":{"allow":["GET"]}}],"collection":[{"href":"http:\/\/fundaciolluiscoromina.org\/index.php\/wp-json\/wp\/v2\/posts"}],"about":[{"href":"http:\/\/fundaciolluiscoromina.org\/index.php\/wp-json\/wp\/v2\/types\/post"}],"author":[{"embeddable":true,"href":"http:\/\/fundaciolluiscoromina.org\/index.php\/wp-json\/wp\/v2\/users\/2"}],"replies":[{"embeddable":true,"href":"http:\/\/fundaciolluiscoromina.org\/index.php\/wp-json\/wp\/v2\/comments?post=6282"}],"version-history":[{"count":1,"href":"http:\/\/fundaciolluiscoromina.org\/index.php\/wp-json\/wp\/v2\/posts\/6282\/revisions"}],"predecessor-version":[{"id":6949,"href":"http:\/\/fundaciolluiscoromina.org\/index.php\/wp-json\/wp\/v2\/posts\/6282\/revisions\/6949"}],"wp:featuredmedia":[{"embeddable":true,"href":"http:\/\/fundaciolluiscoromina.org\/index.php\/wp-json\/wp\/v2\/media\/6283"}],"wp:attachment":[{"href":"http:\/\/fundaciolluiscoromina.org\/index.php\/wp-json\/wp\/v2\/media?parent=6282"}],"wp:term":[{"taxonomy":"category","embeddable":true,"href":"http:\/\/fundaciolluiscoromina.org\/index.php\/wp-json\/wp\/v2\/categories?post=6282"},{"taxonomy":"post_tag","embeddable":true,"href":"http:\/\/fundaciolluiscoromina.org\/index.php\/wp-json\/wp\/v2\/tags?post=6282"}],"curies":[{"name":"wp","href":"https:\/\/api.w.org\/{rel}","templated":true}]}}