{"id":6287,"date":"2024-06-10T11:58:19","date_gmt":"2024-06-10T09:58:19","guid":{"rendered":"http:\/\/www.fundaciolluiscoromina.org\/?p=6287"},"modified":"2026-09-02T16:50:34","modified_gmt":"2026-09-02T14:50:34","slug":"la-fundacio-lluis-coromina-acull-la-inauguracio-de-lexposicio-dibuix-en-directe-a-lespai-eat-art-dins-la-20a-edicio-de-laphonica","status":"publish","type":"post","link":"http:\/\/fundaciolluiscoromina.org\/index.php\/2024\/06\/10\/la-fundacio-lluis-coromina-acull-la-inauguracio-de-lexposicio-dibuix-en-directe-a-lespai-eat-art-dins-la-20a-edicio-de-laphonica\/","title":{"rendered":"La Fundaci\u00f3 Llu\u00eds Coromina acull la inauguraci\u00f3 de l&#8217;exposici\u00f3 &#8216;Dibuix en directe&#8217; a l&#8217;Espai Eat Art, dins la 20a edici\u00f3 de l'(a)ph\u00f2nica"},"content":{"rendered":"<p>La Fundaci\u00f3 Llu\u00eds Coromina\u00a0acull la inauguraci\u00f3 de l&#8217;exposici\u00f3\u00a0<em>Dibuix en directe <\/em>aquest <strong>dimarts 25\u00a0de juny a les 19 h,\u00a0<\/strong>en el marc de la 20a\u00a0edici\u00f3 de\u00a0l\u2019<a href=\"http:\/\/www.aphonica.banyoles.cat\/\" data-cke-saved-href=\"http:\/\/www.aphonica.banyoles.cat\/\">(a)ph\u00f2nica, el Festival de la Veu de Banyoles<\/a>. L&#8217;exposici\u00f3 s&#8217;instal\u00b7lar\u00e0 a l&#8217;Espai Eat Art de la <a href=\"http:\/\/fundaciolluiscoromina.org\" target=\"_blank\" rel=\"noopener\" data-cke-saved-href=\"http:\/\/fundaciolluiscoromina.org\">Fundaci\u00f3 Llu\u00eds Coromina<\/a> fins al dissabte 14 de setembre, en horari d&#8217;obertura.<\/p>\n<p>Com aquell pintor que va omplint un llen\u00e7 en blanc, aquest any, l&#8217;exposici\u00f3 estar\u00e0 m\u00e9s viva que mai. Els il\u00b7lustradors i les il\u00b7lustradores la faran cr\u00e9ixer a mesura que vagin dibuixant l&#8217;ambient i les veus que passaran per l'(a)ph\u00f2nica. Una mostra que s&#8217;acompanyar\u00e0 d&#8217;una pe\u00e7a documental creada per l&#8217;artista Joanic sobre el proc\u00e9s de dibuixar un festival.<\/p>\n<p><strong>Horaris:<\/strong><\/p>\n<p>De dimecres a divendres: de 17 h a 20 h<br \/>\nDissabtes i diumenge 30 de juny de 10:30 h a 13:30 h i de 17 h a 20 h<\/p>\n","protected":false},"excerpt":{"rendered":"<p>La Fundaci\u00f3 Llu\u00eds Coromina\u00a0acull la inauguraci\u00f3 de l&#8217;exposici\u00f3\u00a0Dibuix en directe aquest dimarts 25\u00a0de juny a les 19 h,\u00a0en el marc &#8230;<\/p>\n","protected":false},"author":2,"featured_media":6289,"comment_status":"closed","ping_status":"open","sticky":false,"template":"","format":"standard","meta":{"footnotes":""},"categories":[14,10,17],"tags":[],"class_list":["post-6287","post","type-post","status-publish","format-standard","has-post-thumbnail","hentry","category-accions-culturals","category-activitats","category-exposicions-espai-eat-art"],"_links":{"self":[{"href":"http:\/\/fundaciolluiscoromina.org\/index.php\/wp-json\/wp\/v2\/posts\/6287","targetHints":{"allow":["GET"]}}],"collection":[{"href":"http:\/\/fundaciolluiscoromina.org\/index.php\/wp-json\/wp\/v2\/posts"}],"about":[{"href":"http:\/\/fundaciolluiscoromina.org\/index.php\/wp-json\/wp\/v2\/types\/post"}],"author":[{"embeddable":true,"href":"http:\/\/fundaciolluiscoromina.org\/index.php\/wp-json\/wp\/v2\/users\/2"}],"replies":[{"embeddable":true,"href":"http:\/\/fundaciolluiscoromina.org\/index.php\/wp-json\/wp\/v2\/comments?post=6287"}],"version-history":[{"count":1,"href":"http:\/\/fundaciolluiscoromina.org\/index.php\/wp-json\/wp\/v2\/posts\/6287\/revisions"}],"predecessor-version":[{"id":6948,"href":"http:\/\/fundaciolluiscoromina.org\/index.php\/wp-json\/wp\/v2\/posts\/6287\/revisions\/6948"}],"wp:featuredmedia":[{"embeddable":true,"href":"http:\/\/fundaciolluiscoromina.org\/index.php\/wp-json\/wp\/v2\/media\/6289"}],"wp:attachment":[{"href":"http:\/\/fundaciolluiscoromina.org\/index.php\/wp-json\/wp\/v2\/media?parent=6287"}],"wp:term":[{"taxonomy":"category","embeddable":true,"href":"http:\/\/fundaciolluiscoromina.org\/index.php\/wp-json\/wp\/v2\/categories?post=6287"},{"taxonomy":"post_tag","embeddable":true,"href":"http:\/\/fundaciolluiscoromina.org\/index.php\/wp-json\/wp\/v2\/tags?post=6287"}],"curies":[{"name":"wp","href":"https:\/\/api.w.org\/{rel}","templated":true}]}}