{"id":6296,"date":"2024-06-18T16:29:55","date_gmt":"2024-06-18T14:29:55","guid":{"rendered":"http:\/\/www.fundaciolluiscoromina.org\/?p=6296"},"modified":"2026-09-02T16:50:33","modified_gmt":"2026-09-02T14:50:33","slug":"el-i-premio-de-narrativa-diana-zaforteza-ha-premiat-lobra-bar-urgel-de-lescriptor-pablo-gallego-boutou","status":"publish","type":"post","link":"http:\/\/fundaciolluiscoromina.org\/index.php\/2024\/06\/18\/el-i-premio-de-narrativa-diana-zaforteza-ha-premiat-lobra-bar-urgel-de-lescriptor-pablo-gallego-boutou\/","title":{"rendered":"El I Premio de Narrativa Diana Zaforteza ha premiat l&#8217;obra &#8216;Bar Urgel&#8217; de l&#8217;escriptor Pablo Gallego Boutou"},"content":{"rendered":"<p>El jurat del Premio de Narrativa Diana Zaforteza ha atorgat el guard\u00f3 a l&#8217;escriptor Pablo Gallego Boutou per la seva obra <em>Bar Urgel<\/em>, escrita sota el sobrenom <em>AKAKI AKAKIEVICH. <\/em>Un premi que consisteix en una dotaci\u00f3 de 20.000 euros i la seva publicaci\u00f3 de la m\u00e0 de l&#8217;editorial Galaxia Gutenberg. Aquesta pe\u00e7a ha estat destacada per ser \u00abuna novel\u00b7la original i fresca que retrata amb empatia i humor els conflictes originats per la normalitzaci\u00f3 del discurs de l\u2019odi\u00bb, segons ha apuntat el certamen literari, que l&#8217;ha seleccionat d&#8217;entre un total de 439 manuscrits tant d\u2019\u00e0mbit nacional com internacional.<\/p>\n<p>La Fundaci\u00f3 Llu\u00eds Coromina ha estat un dels col\u00b7laboradors d&#8217;aquesta primera edici\u00f3 del certamen literari, que t\u00e9 la missi\u00f3 d\u2019incentivar la creaci\u00f3 i innovaci\u00f3 liter\u00e0ria i promoure l\u2019autoria jove en la mem\u00f2ria de l\u2019editora Diana Zaforteza, desapareguda el passat 11 d\u2019octubre de 2022.<\/p>\n<p>Pablo Gallego Boutou \u00e9s actor, dramaturg i escriptor. El seu primer llibre de poemes <em>Oboedescere<\/em> va rebre el Premi de Poesia del \u00a0IXXVIII Certamen Nacional de Joves Creadors de la Comunitat de Madrid i tamb\u00e9 va rebre el XXIV Premi Internacional de Poesia Lu\u00eds Feria pel seu segon poemari <em>Nival<\/em>.<\/p>\n<p>&nbsp;<\/p>\n","protected":false},"excerpt":{"rendered":"<p>El jurat del Premio de Narrativa Diana Zaforteza ha atorgat el guard\u00f3 a l&#8217;escriptor Pablo Gallego Boutou per la seva &#8230;<\/p>\n","protected":false},"author":2,"featured_media":6297,"comment_status":"closed","ping_status":"open","sticky":false,"template":"","format":"standard","meta":{"footnotes":""},"categories":[14,15,10],"tags":[],"class_list":["post-6296","post","type-post","status-publish","format-standard","has-post-thumbnail","hentry","category-accions-culturals","category-accions-socials","category-activitats"],"_links":{"self":[{"href":"http:\/\/fundaciolluiscoromina.org\/index.php\/wp-json\/wp\/v2\/posts\/6296","targetHints":{"allow":["GET"]}}],"collection":[{"href":"http:\/\/fundaciolluiscoromina.org\/index.php\/wp-json\/wp\/v2\/posts"}],"about":[{"href":"http:\/\/fundaciolluiscoromina.org\/index.php\/wp-json\/wp\/v2\/types\/post"}],"author":[{"embeddable":true,"href":"http:\/\/fundaciolluiscoromina.org\/index.php\/wp-json\/wp\/v2\/users\/2"}],"replies":[{"embeddable":true,"href":"http:\/\/fundaciolluiscoromina.org\/index.php\/wp-json\/wp\/v2\/comments?post=6296"}],"version-history":[{"count":1,"href":"http:\/\/fundaciolluiscoromina.org\/index.php\/wp-json\/wp\/v2\/posts\/6296\/revisions"}],"predecessor-version":[{"id":6947,"href":"http:\/\/fundaciolluiscoromina.org\/index.php\/wp-json\/wp\/v2\/posts\/6296\/revisions\/6947"}],"wp:featuredmedia":[{"embeddable":true,"href":"http:\/\/fundaciolluiscoromina.org\/index.php\/wp-json\/wp\/v2\/media\/6297"}],"wp:attachment":[{"href":"http:\/\/fundaciolluiscoromina.org\/index.php\/wp-json\/wp\/v2\/media?parent=6296"}],"wp:term":[{"taxonomy":"category","embeddable":true,"href":"http:\/\/fundaciolluiscoromina.org\/index.php\/wp-json\/wp\/v2\/categories?post=6296"},{"taxonomy":"post_tag","embeddable":true,"href":"http:\/\/fundaciolluiscoromina.org\/index.php\/wp-json\/wp\/v2\/tags?post=6296"}],"curies":[{"name":"wp","href":"https:\/\/api.w.org\/{rel}","templated":true}]}}