{"id":6303,"date":"2024-06-28T08:57:31","date_gmt":"2024-06-28T06:57:31","guid":{"rendered":"http:\/\/www.fundaciolluiscoromina.org\/?p=6303"},"modified":"2026-09-02T16:50:33","modified_gmt":"2026-09-02T14:50:33","slug":"lespai-isern-dalmau-de-barcelona-acull-la-presentacio-del-llibre-algoritmocracia-darthur-grimonpont","status":"publish","type":"post","link":"http:\/\/fundaciolluiscoromina.org\/index.php\/2024\/06\/28\/lespai-isern-dalmau-de-barcelona-acull-la-presentacio-del-llibre-algoritmocracia-darthur-grimonpont\/","title":{"rendered":"L&#8217;Espai Isern Dalmau de Barcelona acull la presentaci\u00f3 del llibre &#8216;Algoritmocr\u00e0cia&#8217; d&#8217;Arthur Grimonpont"},"content":{"rendered":"<p>El pr\u00f2xim dimecres 3 de juliol a les 19 h l&#8217;Espai Isern Dalmau de La Fundaci\u00f3 Llu\u00eds Coromina acollir\u00e0 la presentaci\u00f3 del llibre\u00a0<em>Algoritmocr\u00e0cia<\/em>, d&#8217;Arthur Grimonpont. Una obra que exposa amb vocaci\u00f3 divulgativa, dades irrebatibles i contund\u00e8ncia argumentativa, els perills i les conseq\u00fc\u00e8ncies\u00a0negatives que<strong>\u00a0les xarxes socials tenen sobre\u00a0la nostra societat,<\/strong>\u00a0i proposa els mecanismes per corregir-ho.<\/p>\n<p>Coorganitzada amb l&#8217;editorial Llibres del Segle, la presentaci\u00f3 tindr\u00e0 lloc el dimecres 3 de juliol\u00a0a les 19 h a l&#8217;Espai Isern Dalmau de Barcelona, i comptar\u00e0 amb la participaci\u00f3\u00a0del periodista Gerard Bagu\u00e9 i dels dos traductors del llibre, Albert Punsola i Maria Soler.<\/p>\n<p>Aquest assaig manifesta la prioritat absoluta de posar al servei de l&#8217;inter\u00e8s general totes les plataformes socials i les seves IA de recomanaci\u00f3. Una mesura que, segons assegura, combatria els problemes socials derivats del seu \u00fas abusiu:\u00a0addicci\u00f3, deteriorament de la salut p\u00fablica, a\u00efllament i radicalitzaci\u00f3.<\/p>\n<p><strong>Horaris: <\/strong><\/p>\n<p>De dimarts a divendres de 17 h a 20 h<br \/>\nDissabte de 10\u00a0h a 13 h<\/p>\n","protected":false},"excerpt":{"rendered":"<p>El pr\u00f2xim dimecres 3 de juliol a les 19 h l&#8217;Espai Isern Dalmau de La Fundaci\u00f3 Llu\u00eds Coromina acollir\u00e0 la &#8230;<\/p>\n","protected":false},"author":2,"featured_media":6304,"comment_status":"closed","ping_status":"open","sticky":false,"template":"","format":"standard","meta":{"footnotes":""},"categories":[14,15,10],"tags":[],"class_list":["post-6303","post","type-post","status-publish","format-standard","has-post-thumbnail","hentry","category-accions-culturals","category-accions-socials","category-activitats"],"_links":{"self":[{"href":"http:\/\/fundaciolluiscoromina.org\/index.php\/wp-json\/wp\/v2\/posts\/6303","targetHints":{"allow":["GET"]}}],"collection":[{"href":"http:\/\/fundaciolluiscoromina.org\/index.php\/wp-json\/wp\/v2\/posts"}],"about":[{"href":"http:\/\/fundaciolluiscoromina.org\/index.php\/wp-json\/wp\/v2\/types\/post"}],"author":[{"embeddable":true,"href":"http:\/\/fundaciolluiscoromina.org\/index.php\/wp-json\/wp\/v2\/users\/2"}],"replies":[{"embeddable":true,"href":"http:\/\/fundaciolluiscoromina.org\/index.php\/wp-json\/wp\/v2\/comments?post=6303"}],"version-history":[{"count":1,"href":"http:\/\/fundaciolluiscoromina.org\/index.php\/wp-json\/wp\/v2\/posts\/6303\/revisions"}],"predecessor-version":[{"id":6946,"href":"http:\/\/fundaciolluiscoromina.org\/index.php\/wp-json\/wp\/v2\/posts\/6303\/revisions\/6946"}],"wp:featuredmedia":[{"embeddable":true,"href":"http:\/\/fundaciolluiscoromina.org\/index.php\/wp-json\/wp\/v2\/media\/6304"}],"wp:attachment":[{"href":"http:\/\/fundaciolluiscoromina.org\/index.php\/wp-json\/wp\/v2\/media?parent=6303"}],"wp:term":[{"taxonomy":"category","embeddable":true,"href":"http:\/\/fundaciolluiscoromina.org\/index.php\/wp-json\/wp\/v2\/categories?post=6303"},{"taxonomy":"post_tag","embeddable":true,"href":"http:\/\/fundaciolluiscoromina.org\/index.php\/wp-json\/wp\/v2\/tags?post=6303"}],"curies":[{"name":"wp","href":"https:\/\/api.w.org\/{rel}","templated":true}]}}