{"id":6307,"date":"2024-07-04T14:07:04","date_gmt":"2024-07-04T12:07:04","guid":{"rendered":"http:\/\/www.fundaciolluiscoromina.org\/?p=6307"},"modified":"2026-09-02T16:50:33","modified_gmt":"2026-09-02T14:50:33","slug":"la-fundacio-lluis-coromina-collabora-amb-el-festival-musicant-de-campllong-mitjancant-lexposicio-descultures-de-lartista-raquel-cohen","status":"publish","type":"post","link":"http:\/\/fundaciolluiscoromina.org\/index.php\/2024\/07\/04\/la-fundacio-lluis-coromina-collabora-amb-el-festival-musicant-de-campllong-mitjancant-lexposicio-descultures-de-lartista-raquel-cohen\/","title":{"rendered":"La Fundaci\u00f3 Llu\u00eds Coromina col\u00b7labora amb el Festival Musicant de Campllong mitjan\u00e7ant l&#8217;exposici\u00f3 d&#8217;escultures de l&#8217;artista Raquel Cohen"},"content":{"rendered":"<div class=\"\">En el marc de la XXI edici\u00f3 del Festival Musicant a Campllong, que ha tingut lloc del 26 al 30 de juny, la Fundaci\u00f3 Llu\u00eds Coromina ha presentat una selecci\u00f3 d\u2019obres de l\u2019artista Raquel Cohen, un conjunt de sis esccultures que formen part del fons d&#8217;art de la fundaci\u00f3. Amb la col\u00b7laboraci\u00f3 de bonart cultural, es tracta de la s\u00e8rie <em>\u00c9sser de llum. Escultures de coure, llum i t\u00e8cnica mixta,<\/em> inspirades en el m\u00f3n natural, que s\u2019han mimetitzat en l\u2019ecosistema propi dels concerts i del p\u00fablic assistent als concerts, aix\u00ed com en el propi entorn natural i arquitect\u00f2nic. Unes peces de llum que han conviscut amb la m\u00fasica com un element creatiu m\u00e9s del festival i que donen el tret de sortida a la col.laboraci\u00f3 de la Fundaci\u00f3 Llu\u00eds Coromina a les pr\u00f2ximes edicions.<\/div>\n<div>\n<p><strong>Raquel Cohen<\/strong><\/p>\n<p>Nascuda a Chicago (Estats Units), Raquel Cohen \u00e9s una escultora pionera en la poetitzaci\u00f3 de la llum artificial. Resident durant molts anys de la seva vida a l\u2019Estat espanyol, l\u2019autora va encisar-se amb la m\u00e0gia lum\u00ednica de la Barcelona nocturna contemplada des de Vallvidrera, i m\u00e9s tard va descobrir els efectes curatius, la poesia i la bellesa que podia produir la llum artificial.<\/p>\n<p>El seu art \u00e9s un pretext per a la indagaci\u00f3 sobre els trets essencials i comuns entre les diferents cultures del planeta. Raquel Cohen treballa textures i formes org\u00e0niques, inspirant-se especialment en les formes i esp\u00e8cies aqu\u00e0tiques, aix\u00ed com en la seva transmutaci\u00f3 el\u00e8ctrica nocturna, com \u00e9s el cas de les meduses, les algues o els peixos. La dial\u00e8ctica amb la llum de cada escultura es mant\u00e9 durant el dia gr\u00e0cies a les textures serenes verdes, grogues i vermelloses, aplicades sobre coure, pl\u00e0stic o teranyines de filferro curtides pel temps. Tot i aix\u00ed, l\u2019efervesc\u00e8ncia \u00f2ptima entre la llum i l\u2019escultura arriba al vespre, quan se\u2019n va la llum del sol i les llums amagades dins l\u2019escultura es van filtrant a trav\u00e9s dels porus de la mat\u00e8ria escult\u00f2rica, i projecten unes impressionants ombres gravades als murs.<\/p>\n<p>Raquel Cohen podria ser considerada una \u201cescultora de llums\u201d. En la seva obra \u00e9s predominant la refer\u00e8ncia escult\u00f2rica que ens transmeten les projeccions de llums. Els jocs lum\u00ednics que es mouen a la paret adquireixen una tercera dimensi\u00f3, i l\u2019escultora ho identifica amb el creixement de la naturalesa, amb la que se sent plenament identificada. \u00c9s precisament en aquesta identificaci\u00f3 quan l\u2019artista millor optimitza i desplega el seus cinc sentits i ens ofereix la vessant m\u00e9s fecunda del seu art.<\/p>\n<\/div>\n","protected":false},"excerpt":{"rendered":"<p>En el marc de la XXI edici\u00f3 del Festival Musicant a Campllong, que ha tingut lloc del 26 al 30 &#8230;<\/p>\n","protected":false},"author":2,"featured_media":6309,"comment_status":"closed","ping_status":"open","sticky":false,"template":"","format":"standard","meta":{"footnotes":""},"categories":[14,15,10],"tags":[],"class_list":["post-6307","post","type-post","status-publish","format-standard","has-post-thumbnail","hentry","category-accions-culturals","category-accions-socials","category-activitats"],"_links":{"self":[{"href":"http:\/\/fundaciolluiscoromina.org\/index.php\/wp-json\/wp\/v2\/posts\/6307","targetHints":{"allow":["GET"]}}],"collection":[{"href":"http:\/\/fundaciolluiscoromina.org\/index.php\/wp-json\/wp\/v2\/posts"}],"about":[{"href":"http:\/\/fundaciolluiscoromina.org\/index.php\/wp-json\/wp\/v2\/types\/post"}],"author":[{"embeddable":true,"href":"http:\/\/fundaciolluiscoromina.org\/index.php\/wp-json\/wp\/v2\/users\/2"}],"replies":[{"embeddable":true,"href":"http:\/\/fundaciolluiscoromina.org\/index.php\/wp-json\/wp\/v2\/comments?post=6307"}],"version-history":[{"count":1,"href":"http:\/\/fundaciolluiscoromina.org\/index.php\/wp-json\/wp\/v2\/posts\/6307\/revisions"}],"predecessor-version":[{"id":6945,"href":"http:\/\/fundaciolluiscoromina.org\/index.php\/wp-json\/wp\/v2\/posts\/6307\/revisions\/6945"}],"wp:featuredmedia":[{"embeddable":true,"href":"http:\/\/fundaciolluiscoromina.org\/index.php\/wp-json\/wp\/v2\/media\/6309"}],"wp:attachment":[{"href":"http:\/\/fundaciolluiscoromina.org\/index.php\/wp-json\/wp\/v2\/media?parent=6307"}],"wp:term":[{"taxonomy":"category","embeddable":true,"href":"http:\/\/fundaciolluiscoromina.org\/index.php\/wp-json\/wp\/v2\/categories?post=6307"},{"taxonomy":"post_tag","embeddable":true,"href":"http:\/\/fundaciolluiscoromina.org\/index.php\/wp-json\/wp\/v2\/tags?post=6307"}],"curies":[{"name":"wp","href":"https:\/\/api.w.org\/{rel}","templated":true}]}}