{"id":6316,"date":"2024-07-29T13:28:26","date_gmt":"2024-07-29T11:28:26","guid":{"rendered":"http:\/\/www.fundaciolluiscoromina.org\/?p=6316"},"modified":"2026-09-02T16:50:33","modified_gmt":"2026-09-02T14:50:33","slug":"la-fundacio-lluis-coromina-rep-la-visita-de-la-consellera-de-cultura-de-la-generalitat-de-catalunya-natalia-garriga","status":"publish","type":"post","link":"http:\/\/fundaciolluiscoromina.org\/index.php\/2024\/07\/29\/la-fundacio-lluis-coromina-rep-la-visita-de-la-consellera-de-cultura-de-la-generalitat-de-catalunya-natalia-garriga\/","title":{"rendered":"La Fundaci\u00f3 Llu\u00eds Coromina rep la visita de la consellera de cultura de la Generalitat de Catalunya, Nat\u00e0lia Garriga"},"content":{"rendered":"<p>Aquest dissabte 27 de juliol la Fundaci\u00f3 Llu\u00eds Coromina va rebre la visita de la consellera de cultura de la Generalitat de Catalunya, Nat\u00e0lia Garriga, acompanyada de l&#8217;alcalde de Banyoles, Miquel Noguer, la delegada del Govern de la Generalitat a Girona, Anna Torrent\u00e0, del director de Serveis Territorials, Josep Calataiud, de la directora general de Patrimoni Cultural de la Generalitat de Catalunya, S\u00f2nia Hern\u00e1ndez, i del diputat d&#8217;ERC, Jaume Butiny\u00e0. Amb la pres\u00e8ncia del director de la Fundaci\u00f3, Ricard\u00a0<span class=\"hiddenSpellError\">Planas<\/span>, van descobrir-hi els seus creadors i diversos espais i iniciatives com El Puntal o l&#8217;Espai\u00a0<span class=\"hiddenSpellError\">Eat<\/span>\u00a0Art, entre d&#8217;altres.<\/p>\n<p>Tamb\u00e9 van visitar el centre de Banyoles, on van con\u00e8ixer d&#8217;aprop el projecte de recuperaci\u00f3 dels espais p\u00fablics de l&#8217;arquitecte Josep\u00a0<span class=\"hiddenSpellError\">Mi\u00e0s<\/span>, recentment reconegut com a <em>Membre d&#8217;Honor<\/em> del Col\u00b7legi d&#8217;Arquitectes Americans, Honorary Fellow AIA, American Institute of Architects.<\/p>\n","protected":false},"excerpt":{"rendered":"<p>Aquest dissabte 27 de juliol la Fundaci\u00f3 Llu\u00eds Coromina va rebre la visita de la consellera de cultura de la &#8230;<\/p>\n","protected":false},"author":2,"featured_media":6318,"comment_status":"closed","ping_status":"open","sticky":false,"template":"","format":"standard","meta":{"footnotes":""},"categories":[14,15,10],"tags":[],"class_list":["post-6316","post","type-post","status-publish","format-standard","has-post-thumbnail","hentry","category-accions-culturals","category-accions-socials","category-activitats"],"_links":{"self":[{"href":"http:\/\/fundaciolluiscoromina.org\/index.php\/wp-json\/wp\/v2\/posts\/6316","targetHints":{"allow":["GET"]}}],"collection":[{"href":"http:\/\/fundaciolluiscoromina.org\/index.php\/wp-json\/wp\/v2\/posts"}],"about":[{"href":"http:\/\/fundaciolluiscoromina.org\/index.php\/wp-json\/wp\/v2\/types\/post"}],"author":[{"embeddable":true,"href":"http:\/\/fundaciolluiscoromina.org\/index.php\/wp-json\/wp\/v2\/users\/2"}],"replies":[{"embeddable":true,"href":"http:\/\/fundaciolluiscoromina.org\/index.php\/wp-json\/wp\/v2\/comments?post=6316"}],"version-history":[{"count":1,"href":"http:\/\/fundaciolluiscoromina.org\/index.php\/wp-json\/wp\/v2\/posts\/6316\/revisions"}],"predecessor-version":[{"id":6944,"href":"http:\/\/fundaciolluiscoromina.org\/index.php\/wp-json\/wp\/v2\/posts\/6316\/revisions\/6944"}],"wp:featuredmedia":[{"embeddable":true,"href":"http:\/\/fundaciolluiscoromina.org\/index.php\/wp-json\/wp\/v2\/media\/6318"}],"wp:attachment":[{"href":"http:\/\/fundaciolluiscoromina.org\/index.php\/wp-json\/wp\/v2\/media?parent=6316"}],"wp:term":[{"taxonomy":"category","embeddable":true,"href":"http:\/\/fundaciolluiscoromina.org\/index.php\/wp-json\/wp\/v2\/categories?post=6316"},{"taxonomy":"post_tag","embeddable":true,"href":"http:\/\/fundaciolluiscoromina.org\/index.php\/wp-json\/wp\/v2\/tags?post=6316"}],"curies":[{"name":"wp","href":"https:\/\/api.w.org\/{rel}","templated":true}]}}