{"id":6324,"date":"2024-09-02T10:01:19","date_gmt":"2024-09-02T08:01:19","guid":{"rendered":"http:\/\/www.fundaciolluiscoromina.org\/?p=6324"},"modified":"2026-09-02T16:50:33","modified_gmt":"2026-09-02T14:50:33","slug":"lespai-isern-dalmau-acull-la-inauguracio-de-lexposicio-ressonancies-europees-eduard-bigas-evoca-josep-pla","status":"publish","type":"post","link":"http:\/\/fundaciolluiscoromina.org\/index.php\/2024\/09\/02\/lespai-isern-dalmau-acull-la-inauguracio-de-lexposicio-ressonancies-europees-eduard-bigas-evoca-josep-pla\/","title":{"rendered":"L&#8217;Espai Isern Dalmau acull la inauguraci\u00f3 de l&#8217;exposici\u00f3 &#8216;Resson\u00e0ncies europees: Eduard Bigas evoca Josep Pla&#8217;"},"content":{"rendered":"<p>La Fundaci\u00f3 Llu\u00eds Coromina acollir\u00e0 la inauguraci\u00f3 de l&#8217;exposici\u00f3\u00a0<em>Resson\u00e0ncies europees: Eduard Bigas evoca Josep Pla <\/em>el pr\u00f2xim dijous 5 de setembre a les 19 h.\u00a0Una mostra que recull una s\u00e8rie de peces de l&#8217;artista Eduard Bigas creades per a l&#8217;ocasi\u00f3 que s&#8217;inspiren en la lectura de l&#8217;obra de l&#8217;escriptor Josep Pla.<\/p>\n<p>A partir de diversos espais que han marcat la seva traject\u00f2ria vital, l&#8217;exposici\u00f3 il\u00b7lustra el perfil cosmopolita que uneix els dos autors. Es tracta d&#8217;una proposta que s&#8217;emmarca en una iniciativa col\u00b7lectiva coordinada per BonArt, que compta amb la participaci\u00f3 de diversos equipaments culturals i que acull exposicions d&#8217;homenatge a l&#8217;obra del pintor empordan\u00e8s.<\/p>\n<p>Des de la seva infantesa, Eduard Bigas va mostrar un talent innat pel dibuix i la pintura. La seva primera exposici\u00f3 individual va tenir lloc l&#8217;any 1990 a la Sala d&#8217;Art Art\u00edstica de Girona i, despr\u00e9s d&#8217;exposar regularment a Catalunya, va comen\u00e7ar a viatjar amb el desig de con\u00e8ixer altres realitats mitjan\u00e7ant resid\u00e8ncies a ciutats com Sydney, Nova York, Londres, T\u00f2quio o Taiwan. Actualment, i des de fa m\u00e9s d\u2019una d\u00e8cada, Berl\u00edn \u00e9s el centre de la seva vida art\u00edstica i personal. Durant aquests anys, Bigas ha exposat les seves creacions a diverses galeries i espais de l\u2019Estat espanyol, el Regne Unit, It\u00e0lia, Alemanya i Taiwan.<\/p>\n","protected":false},"excerpt":{"rendered":"<p>La Fundaci\u00f3 Llu\u00eds Coromina acollir\u00e0 la inauguraci\u00f3 de l&#8217;exposici\u00f3\u00a0Resson\u00e0ncies europees: Eduard Bigas evoca Josep Pla el pr\u00f2xim dijous 5 de &#8230;<\/p>\n","protected":false},"author":2,"featured_media":6325,"comment_status":"closed","ping_status":"open","sticky":false,"template":"","format":"standard","meta":{"footnotes":""},"categories":[14,228],"tags":[],"class_list":["post-6324","post","type-post","status-publish","format-standard","has-post-thumbnail","hentry","category-accions-culturals","category-exposicions-espai-isern-dalmau"],"_links":{"self":[{"href":"http:\/\/fundaciolluiscoromina.org\/index.php\/wp-json\/wp\/v2\/posts\/6324","targetHints":{"allow":["GET"]}}],"collection":[{"href":"http:\/\/fundaciolluiscoromina.org\/index.php\/wp-json\/wp\/v2\/posts"}],"about":[{"href":"http:\/\/fundaciolluiscoromina.org\/index.php\/wp-json\/wp\/v2\/types\/post"}],"author":[{"embeddable":true,"href":"http:\/\/fundaciolluiscoromina.org\/index.php\/wp-json\/wp\/v2\/users\/2"}],"replies":[{"embeddable":true,"href":"http:\/\/fundaciolluiscoromina.org\/index.php\/wp-json\/wp\/v2\/comments?post=6324"}],"version-history":[{"count":1,"href":"http:\/\/fundaciolluiscoromina.org\/index.php\/wp-json\/wp\/v2\/posts\/6324\/revisions"}],"predecessor-version":[{"id":6943,"href":"http:\/\/fundaciolluiscoromina.org\/index.php\/wp-json\/wp\/v2\/posts\/6324\/revisions\/6943"}],"wp:featuredmedia":[{"embeddable":true,"href":"http:\/\/fundaciolluiscoromina.org\/index.php\/wp-json\/wp\/v2\/media\/6325"}],"wp:attachment":[{"href":"http:\/\/fundaciolluiscoromina.org\/index.php\/wp-json\/wp\/v2\/media?parent=6324"}],"wp:term":[{"taxonomy":"category","embeddable":true,"href":"http:\/\/fundaciolluiscoromina.org\/index.php\/wp-json\/wp\/v2\/categories?post=6324"},{"taxonomy":"post_tag","embeddable":true,"href":"http:\/\/fundaciolluiscoromina.org\/index.php\/wp-json\/wp\/v2\/tags?post=6324"}],"curies":[{"name":"wp","href":"https:\/\/api.w.org\/{rel}","templated":true}]}}