{"id":6329,"date":"2024-09-12T14:52:13","date_gmt":"2024-09-12T12:52:13","guid":{"rendered":"http:\/\/www.fundaciolluiscoromina.org\/?p=6329"},"modified":"2026-09-02T16:50:33","modified_gmt":"2026-09-02T14:50:33","slug":"lespai-eat-art-acull-la-clausura-de-lexposicio-dibuix-en-directe-de-la-vintena-edicio-de-laphonica","status":"publish","type":"post","link":"http:\/\/fundaciolluiscoromina.org\/index.php\/2024\/09\/12\/lespai-eat-art-acull-la-clausura-de-lexposicio-dibuix-en-directe-de-la-vintena-edicio-de-laphonica\/","title":{"rendered":"L&#8217;Espai Eat Art acull la clausura de l&#8217;exposici\u00f3 &#8216;Dibuix en directe&#8217; de la vintena edici\u00f3 de l'(a)ph\u00f2nica"},"content":{"rendered":"<p>Aquest dissabte 14 de setembre, a les 18 h, l&#8217;Espai Eat Art de Banyoles acollir\u00e0 l&#8217;acte de clausura de l&#8217;exposici\u00f3 <em>Dibuix en directe<\/em>. Una exposici\u00f3 que enguany ha renovat el seu format i, com aquell pintor que va omplint un llen\u00e7 en blanc, els il\u00b7lustradors i il\u00b7lustradores participants a l&#8217;activitat han anat fent cr\u00e9ixer a mesura que han anat dibuixant l\u2019ambient i les veus que han passat per l\u2019(a)ph\u00f2nica. Una proposta que s\u2019acompanya d\u2019una pe\u00e7a documental creada per l\u2019artista Joanic sobre el proc\u00e9s de dibuixar un festival. En total, s&#8217;hi exposen m\u00e9s de 180 creacions d&#8217;il\u00b7lustradors i il\u00b7lustradores com ara Andrea Zayas, Joanic, Xavier Moliner, Marc Vicens, Txell Darn\u00e9, Lia Bertran, Toni Batlles, Roser Cuss\u00f3, Maria Saladich, Paula Clay, Marc Saez, S\u00edlvia Armengol, Maria Monegro, Jaume Geli i Clara Gispert.<\/p>\n","protected":false},"excerpt":{"rendered":"<p>Aquest dissabte 14 de setembre, a les 18 h, l&#8217;Espai Eat Art de Banyoles acollir\u00e0 l&#8217;acte de clausura de l&#8217;exposici\u00f3 &#8230;<\/p>\n","protected":false},"author":2,"featured_media":6330,"comment_status":"closed","ping_status":"open","sticky":false,"template":"","format":"standard","meta":{"footnotes":""},"categories":[17],"tags":[],"class_list":["post-6329","post","type-post","status-publish","format-standard","has-post-thumbnail","hentry","category-exposicions-espai-eat-art"],"_links":{"self":[{"href":"http:\/\/fundaciolluiscoromina.org\/index.php\/wp-json\/wp\/v2\/posts\/6329","targetHints":{"allow":["GET"]}}],"collection":[{"href":"http:\/\/fundaciolluiscoromina.org\/index.php\/wp-json\/wp\/v2\/posts"}],"about":[{"href":"http:\/\/fundaciolluiscoromina.org\/index.php\/wp-json\/wp\/v2\/types\/post"}],"author":[{"embeddable":true,"href":"http:\/\/fundaciolluiscoromina.org\/index.php\/wp-json\/wp\/v2\/users\/2"}],"replies":[{"embeddable":true,"href":"http:\/\/fundaciolluiscoromina.org\/index.php\/wp-json\/wp\/v2\/comments?post=6329"}],"version-history":[{"count":1,"href":"http:\/\/fundaciolluiscoromina.org\/index.php\/wp-json\/wp\/v2\/posts\/6329\/revisions"}],"predecessor-version":[{"id":6942,"href":"http:\/\/fundaciolluiscoromina.org\/index.php\/wp-json\/wp\/v2\/posts\/6329\/revisions\/6942"}],"wp:featuredmedia":[{"embeddable":true,"href":"http:\/\/fundaciolluiscoromina.org\/index.php\/wp-json\/wp\/v2\/media\/6330"}],"wp:attachment":[{"href":"http:\/\/fundaciolluiscoromina.org\/index.php\/wp-json\/wp\/v2\/media?parent=6329"}],"wp:term":[{"taxonomy":"category","embeddable":true,"href":"http:\/\/fundaciolluiscoromina.org\/index.php\/wp-json\/wp\/v2\/categories?post=6329"},{"taxonomy":"post_tag","embeddable":true,"href":"http:\/\/fundaciolluiscoromina.org\/index.php\/wp-json\/wp\/v2\/tags?post=6329"}],"curies":[{"name":"wp","href":"https:\/\/api.w.org\/{rel}","templated":true}]}}