{"id":6335,"date":"2024-09-23T10:11:59","date_gmt":"2024-09-23T08:11:59","guid":{"rendered":"http:\/\/www.fundaciolluiscoromina.org\/?p=6335"},"modified":"2026-09-02T16:50:32","modified_gmt":"2026-09-02T14:50:32","slug":"lespai-isern-dalmau-acull-la-visita-guiada-a-lexposicio-ressonancies-europees-eduard-bigas-evoca-josep-pla-de-la-ma-del-mateix-autor","status":"publish","type":"post","link":"http:\/\/fundaciolluiscoromina.org\/index.php\/2024\/09\/23\/lespai-isern-dalmau-acull-la-visita-guiada-a-lexposicio-ressonancies-europees-eduard-bigas-evoca-josep-pla-de-la-ma-del-mateix-autor\/","title":{"rendered":"L&#8217;Espai Isern Dalmau acull la visita guiada a l&#8217;exposici\u00f3 &#8216;Resson\u00e0ncies europees: Eduard Bigas evoca Josep Pla&#8217; de la m\u00e0 del mateix autor"},"content":{"rendered":"<p>L&#8217;Espai Isern Dalmau de Barcelona acollir\u00e0 el pr\u00f2xim dijous 26 de setembre a les 18.30 h una\u00a0<strong>visita guiada<\/strong>\u00a0a l&#8217;exposici\u00f3\u00a0<em>Resson\u00e0ncies europees: Eduard Bigas evoca Josep Pla.\u00a0<\/em><strong>De la m\u00e0 del mateix autor<\/strong>, Eduard Bigas, el p\u00fablic podr\u00e0 descobrir\u00a0una s\u00e8rie de peces\u00a0creades per a l&#8217;ocasi\u00f3 que s&#8217;inspiren en la lectura de l&#8217;obra de l&#8217;escriptor Josep Pla.<\/p>\n<p>A partir de diversos espais que han marcat la seva traject\u00f2ria vital, l&#8217;exposici\u00f3 il\u00b7lustra el perfil cosmopolita que uneix els dos artistes. Es tracta d&#8217;una proposta que s&#8217;emmarca en una iniciativa col\u00b7lectiva coordinada per BonArt, que compta amb la participaci\u00f3 de diversos equipaments culturals i que acull exposicions d&#8217;homenatge a l&#8217;obra del pintor empordan\u00e8s.<\/p>\n<p><strong>La visita guiada tindr\u00e0 lloc el dijous 26 de setembre\u00a0a les 18.30 h a l&#8217;Espai Isern Dalmau de Barcelona.<\/strong><\/p>\n<table class=\"mcnTextBlock\" style=\"height: 28px;\" border=\"0\" width=\"1321\" cellspacing=\"0\" cellpadding=\"0\">\n<tbody class=\"mcnTextBlockOuter\">\n<tr>\n<td class=\"mcnTextBlockInner\" valign=\"top\"><\/td>\n<\/tr>\n<\/tbody>\n<\/table>\n","protected":false},"excerpt":{"rendered":"<p>L&#8217;Espai Isern Dalmau de Barcelona acollir\u00e0 el pr\u00f2xim dijous 26 de setembre a les 18.30 h una\u00a0visita guiada\u00a0a l&#8217;exposici\u00f3\u00a0Resson\u00e0ncies europees: &#8230;<\/p>\n","protected":false},"author":2,"featured_media":6336,"comment_status":"closed","ping_status":"open","sticky":false,"template":"","format":"standard","meta":{"footnotes":""},"categories":[14,10],"tags":[],"class_list":["post-6335","post","type-post","status-publish","format-standard","has-post-thumbnail","hentry","category-accions-culturals","category-activitats"],"_links":{"self":[{"href":"http:\/\/fundaciolluiscoromina.org\/index.php\/wp-json\/wp\/v2\/posts\/6335","targetHints":{"allow":["GET"]}}],"collection":[{"href":"http:\/\/fundaciolluiscoromina.org\/index.php\/wp-json\/wp\/v2\/posts"}],"about":[{"href":"http:\/\/fundaciolluiscoromina.org\/index.php\/wp-json\/wp\/v2\/types\/post"}],"author":[{"embeddable":true,"href":"http:\/\/fundaciolluiscoromina.org\/index.php\/wp-json\/wp\/v2\/users\/2"}],"replies":[{"embeddable":true,"href":"http:\/\/fundaciolluiscoromina.org\/index.php\/wp-json\/wp\/v2\/comments?post=6335"}],"version-history":[{"count":1,"href":"http:\/\/fundaciolluiscoromina.org\/index.php\/wp-json\/wp\/v2\/posts\/6335\/revisions"}],"predecessor-version":[{"id":6941,"href":"http:\/\/fundaciolluiscoromina.org\/index.php\/wp-json\/wp\/v2\/posts\/6335\/revisions\/6941"}],"wp:featuredmedia":[{"embeddable":true,"href":"http:\/\/fundaciolluiscoromina.org\/index.php\/wp-json\/wp\/v2\/media\/6336"}],"wp:attachment":[{"href":"http:\/\/fundaciolluiscoromina.org\/index.php\/wp-json\/wp\/v2\/media?parent=6335"}],"wp:term":[{"taxonomy":"category","embeddable":true,"href":"http:\/\/fundaciolluiscoromina.org\/index.php\/wp-json\/wp\/v2\/categories?post=6335"},{"taxonomy":"post_tag","embeddable":true,"href":"http:\/\/fundaciolluiscoromina.org\/index.php\/wp-json\/wp\/v2\/tags?post=6335"}],"curies":[{"name":"wp","href":"https:\/\/api.w.org\/{rel}","templated":true}]}}