{"id":6341,"date":"2024-09-23T13:50:32","date_gmt":"2024-09-23T11:50:32","guid":{"rendered":"http:\/\/www.fundaciolluiscoromina.org\/?p=6341"},"modified":"2026-09-02T16:50:32","modified_gmt":"2026-09-02T14:50:32","slug":"lespai-eat-art-acull-la-inauguracio-de-lexposicio-zona-mona-de-lartista-francesc-daranas","status":"publish","type":"post","link":"http:\/\/fundaciolluiscoromina.org\/index.php\/2024\/09\/23\/lespai-eat-art-acull-la-inauguracio-de-lexposicio-zona-mona-de-lartista-francesc-daranas\/","title":{"rendered":"L&#8217;Espai Eat Art acull la inauguraci\u00f3 de l&#8217;exposici\u00f3 &#8216;Zona Mona&#8217; de l\u2019artista Francesc Daranas"},"content":{"rendered":"<p>L&#8217;Espai Eat Art de Banyoles acollir\u00e0 la inauguraci\u00f3 de l&#8217;exposici\u00f3\u00a0<em class=\"\"><strong class=\"\">Zona Mona<\/strong> <\/em>el pr\u00f2xim\u00a0<strong class=\"\">divendres 27 de setembre<\/strong> a les 19 h. De la m\u00e0 de l\u2019artista Francesc Daranas, aquesta mostra gira al voltant dels primats que conviuen, la gran majoria, en el Centre de Recuperaci\u00f3 de la Fundaci\u00f3 Mona.<\/p>\n<p>El conjunt d\u2019obres exposades inclou des d\u2019esbossos fins a peces m\u00e9s elaborades i treballades amb t\u00e8cniques de gravat, com la punta seca i el monotip.\u00a0<strong class=\"\">Francesc Daranas<\/strong> mai ha dissimulat els seus or\u00edgens gr\u00e0fics des del dibuix amb tinta i coloraci\u00f3 amb anilines, on la l\u00ednia gestual de les formes conforma una mirada pict\u00f2rica i en moltes ocasions genu\u00efnament il\u00b7lustrativa.<\/p>\n<p><em class=\"\">Zona Mona<\/em>\u00a0\u00e9s el resultat del treball\u00a0de gaireb\u00e9 dos anys sobre els primats del Centre de Rehabilitaci\u00f3 de la Fundaci\u00f3 Mona, un espai on l&#8217;artista va realitzar\u00a0els primers esbossos i es va documentar per, aix\u00ed, poder continuar i acabar el treball en el seu taller. Durant aquest temps, ha deixat en segon pla\u00a0la seva pintura del dia a dia i s&#8217;ha concentrat en aquesta tem\u00e0tica espec\u00edfica, amb obres que s&#8217;allunyen del naturalisme i en qu\u00e8 ha apostat\u00a0per t\u00e8cniques de gravat per intentar obtenir un tra\u00e7 menys acurat i una taca m\u00e9s atzarosa.<\/p>\n","protected":false},"excerpt":{"rendered":"<p>L&#8217;Espai Eat Art de Banyoles acollir\u00e0 la inauguraci\u00f3 de l&#8217;exposici\u00f3\u00a0Zona Mona el pr\u00f2xim\u00a0divendres 27 de setembre a les 19 h. &#8230;<\/p>\n","protected":false},"author":2,"featured_media":6340,"comment_status":"closed","ping_status":"open","sticky":false,"template":"","format":"standard","meta":{"footnotes":""},"categories":[14,17],"tags":[],"class_list":["post-6341","post","type-post","status-publish","format-standard","has-post-thumbnail","hentry","category-accions-culturals","category-exposicions-espai-eat-art"],"_links":{"self":[{"href":"http:\/\/fundaciolluiscoromina.org\/index.php\/wp-json\/wp\/v2\/posts\/6341","targetHints":{"allow":["GET"]}}],"collection":[{"href":"http:\/\/fundaciolluiscoromina.org\/index.php\/wp-json\/wp\/v2\/posts"}],"about":[{"href":"http:\/\/fundaciolluiscoromina.org\/index.php\/wp-json\/wp\/v2\/types\/post"}],"author":[{"embeddable":true,"href":"http:\/\/fundaciolluiscoromina.org\/index.php\/wp-json\/wp\/v2\/users\/2"}],"replies":[{"embeddable":true,"href":"http:\/\/fundaciolluiscoromina.org\/index.php\/wp-json\/wp\/v2\/comments?post=6341"}],"version-history":[{"count":1,"href":"http:\/\/fundaciolluiscoromina.org\/index.php\/wp-json\/wp\/v2\/posts\/6341\/revisions"}],"predecessor-version":[{"id":6940,"href":"http:\/\/fundaciolluiscoromina.org\/index.php\/wp-json\/wp\/v2\/posts\/6341\/revisions\/6940"}],"wp:featuredmedia":[{"embeddable":true,"href":"http:\/\/fundaciolluiscoromina.org\/index.php\/wp-json\/wp\/v2\/media\/6340"}],"wp:attachment":[{"href":"http:\/\/fundaciolluiscoromina.org\/index.php\/wp-json\/wp\/v2\/media?parent=6341"}],"wp:term":[{"taxonomy":"category","embeddable":true,"href":"http:\/\/fundaciolluiscoromina.org\/index.php\/wp-json\/wp\/v2\/categories?post=6341"},{"taxonomy":"post_tag","embeddable":true,"href":"http:\/\/fundaciolluiscoromina.org\/index.php\/wp-json\/wp\/v2\/tags?post=6341"}],"curies":[{"name":"wp","href":"https:\/\/api.w.org\/{rel}","templated":true}]}}