{"id":6345,"date":"2024-09-30T12:28:54","date_gmt":"2024-09-30T10:28:54","guid":{"rendered":"http:\/\/www.fundaciolluiscoromina.org\/?p=6345"},"modified":"2026-09-02T16:50:32","modified_gmt":"2026-09-02T14:50:32","slug":"el-cineasta-albert-serra-guanya-la-concha-dor-del-festival-de-san-sebastian","status":"publish","type":"post","link":"http:\/\/fundaciolluiscoromina.org\/index.php\/2024\/09\/30\/el-cineasta-albert-serra-guanya-la-concha-dor-del-festival-de-san-sebastian\/","title":{"rendered":"El cineasta Albert Serra guanya la Concha d&#8217;Or del Festival de San Sebasti\u00e1n"},"content":{"rendered":"<p>La 72a edici\u00f3 del Festival de San Sebasti\u00e1n ha premiat al cineasta banyol\u00ed Albert Serra amb la Concha d&#8217;Or pel documental <em>Tardes de soledad<\/em>,un film que segueix la traject\u00f2ria del torero peru\u00e0 Andr\u00e9s Roca Rey durant tres anys, i que es va presentar en aquesta 72a edici\u00f3 del festival.<\/p>\n<p>&nbsp;<\/p>\n","protected":false},"excerpt":{"rendered":"<p>La 72a edici\u00f3 del Festival de San Sebasti\u00e1n ha premiat al cineasta banyol\u00ed Albert Serra amb la Concha d&#8217;Or pel &#8230;<\/p>\n","protected":false},"author":2,"featured_media":6346,"comment_status":"closed","ping_status":"open","sticky":false,"template":"","format":"standard","meta":{"footnotes":""},"categories":[10],"tags":[],"class_list":["post-6345","post","type-post","status-publish","format-standard","has-post-thumbnail","hentry","category-activitats"],"_links":{"self":[{"href":"http:\/\/fundaciolluiscoromina.org\/index.php\/wp-json\/wp\/v2\/posts\/6345","targetHints":{"allow":["GET"]}}],"collection":[{"href":"http:\/\/fundaciolluiscoromina.org\/index.php\/wp-json\/wp\/v2\/posts"}],"about":[{"href":"http:\/\/fundaciolluiscoromina.org\/index.php\/wp-json\/wp\/v2\/types\/post"}],"author":[{"embeddable":true,"href":"http:\/\/fundaciolluiscoromina.org\/index.php\/wp-json\/wp\/v2\/users\/2"}],"replies":[{"embeddable":true,"href":"http:\/\/fundaciolluiscoromina.org\/index.php\/wp-json\/wp\/v2\/comments?post=6345"}],"version-history":[{"count":1,"href":"http:\/\/fundaciolluiscoromina.org\/index.php\/wp-json\/wp\/v2\/posts\/6345\/revisions"}],"predecessor-version":[{"id":6939,"href":"http:\/\/fundaciolluiscoromina.org\/index.php\/wp-json\/wp\/v2\/posts\/6345\/revisions\/6939"}],"wp:featuredmedia":[{"embeddable":true,"href":"http:\/\/fundaciolluiscoromina.org\/index.php\/wp-json\/wp\/v2\/media\/6346"}],"wp:attachment":[{"href":"http:\/\/fundaciolluiscoromina.org\/index.php\/wp-json\/wp\/v2\/media?parent=6345"}],"wp:term":[{"taxonomy":"category","embeddable":true,"href":"http:\/\/fundaciolluiscoromina.org\/index.php\/wp-json\/wp\/v2\/categories?post=6345"},{"taxonomy":"post_tag","embeddable":true,"href":"http:\/\/fundaciolluiscoromina.org\/index.php\/wp-json\/wp\/v2\/tags?post=6345"}],"curies":[{"name":"wp","href":"https:\/\/api.w.org\/{rel}","templated":true}]}}