{"id":6349,"date":"2024-10-10T10:24:30","date_gmt":"2024-10-10T08:24:30","guid":{"rendered":"http:\/\/www.fundaciolluiscoromina.org\/?p=6349"},"modified":"2026-09-02T16:50:32","modified_gmt":"2026-09-02T14:50:32","slug":"lexposicio-especies-mensajeras-que-compta-amb-el-suport-de-la-fundacio-inaugurada-en-el-circulo-de-bellas-artes-de-madrid","status":"publish","type":"post","link":"http:\/\/fundaciolluiscoromina.org\/index.php\/2024\/10\/10\/lexposicio-especies-mensajeras-que-compta-amb-el-suport-de-la-fundacio-inaugurada-en-el-circulo-de-bellas-artes-de-madrid\/","title":{"rendered":"S&#8217;inaugura \u2018Especies mensajeras\u2019 en el C\u00edrculo de Bellas Artes de Madrid, una mostra amb el suport de la Fundaci\u00f3 Llu\u00eds Coromina"},"content":{"rendered":"<p>Inspirant-se en els principis de l&#8217;evoluci\u00f3 i jugant amb els l\u00edmits entre el real i l&#8217;imaginari, \u00c1lvaro Soler-Arpa ha creat criatures que semblen sorgir d&#8217;un ecosistema dist\u00f2pic. L&#8217;exposici\u00f3 <em><span class=\"hiddenGrammarError\">Especies<\/span>\u00a0<span class=\"hiddenSpellError\">Mensajeras<\/span><\/em> \u00e9s la nova proposta de l&#8217;artista, que es va inaugurar aquest dimarts 8 d&#8217;octubre a la sala Goya del\u00a0<span class=\"hiddenSpellError\">C\u00edrculo<\/span>\u00a0de\u00a0<span class=\"hiddenGrammarError\">Bellas<\/span>\u00a0<span class=\"hiddenSpellError\">Artes<\/span>\u00a0de Madrid, en un acte que ha comptat amb la pres\u00e8ncia de Ricard\u00a0<span class=\"hiddenSpellError\">Planas<\/span>, director de la Fundaci\u00f3 Llu\u00eds Coromina Isern.<\/p>\n<p>Fins a finals de gener de 2025, el p\u00fablic podr\u00e0 descobrir aquesta mostra comissariada per Marian\u00a0<span class=\"hiddenSpellError\">Boadas<\/span>, i recolzada per la Fundaci\u00f3 Llu\u00eds Coromina,\u00a0<span class=\"hiddenSpellError\">Bonart<\/span>\u00a0Cultural, Greenpeace i la\u00a0<span class=\"hiddenSpellError\">Plastic<\/span>\u00a0<span class=\"hiddenSpellError\">Pollution<\/span>\u00a0<span class=\"hiddenSpellError\">Coalition<\/span>, en qu\u00e8 les escultures conviden a repensar la nostra relaci\u00f3 amb el m\u00f3n natural.<\/p>\n<p><span class=\"hiddenSpellError\">\u00c1lvaro<\/span>\u00a0Soler-Arpa, nascut a Girona l&#8217;any 1974, \u00e9s un artista que combina la seva formaci\u00f3 en anatomia i dibuix amb una profunda fascinaci\u00f3 per les formes org\u00e0niques. Despr\u00e9s d&#8217;una carrera en publicitat i cinema, on va\u00a0col\u00b7laborar\u00a0amb directors com Woody Allen o Alejandro Gonz\u00e1lez I\u00f1\u00e1rritu, va dedicar-se plenament a les arts visuals, centrant-se en la creaci\u00f3 d&#8217;escultures i\u00a0instal\u00b7lacions. La seva obra mant\u00e9 una connexi\u00f3 evident amb la natura, denunciant la devastaci\u00f3 provocada per l&#8217;\u00e9sser hum\u00e0 i mostrant un gran inter\u00e8s per les conseq\u00fc\u00e8ncies de la contaminaci\u00f3 en el m\u00f3n que ens envolta.<\/p>\n","protected":false},"excerpt":{"rendered":"<p>Inspirant-se en els principis de l&#8217;evoluci\u00f3 i jugant amb els l\u00edmits entre el real i l&#8217;imaginari, \u00c1lvaro Soler-Arpa ha creat &#8230;<\/p>\n","protected":false},"author":2,"featured_media":6350,"comment_status":"closed","ping_status":"open","sticky":false,"template":"","format":"standard","meta":{"footnotes":""},"categories":[14,15,10],"tags":[],"class_list":["post-6349","post","type-post","status-publish","format-standard","has-post-thumbnail","hentry","category-accions-culturals","category-accions-socials","category-activitats"],"_links":{"self":[{"href":"http:\/\/fundaciolluiscoromina.org\/index.php\/wp-json\/wp\/v2\/posts\/6349","targetHints":{"allow":["GET"]}}],"collection":[{"href":"http:\/\/fundaciolluiscoromina.org\/index.php\/wp-json\/wp\/v2\/posts"}],"about":[{"href":"http:\/\/fundaciolluiscoromina.org\/index.php\/wp-json\/wp\/v2\/types\/post"}],"author":[{"embeddable":true,"href":"http:\/\/fundaciolluiscoromina.org\/index.php\/wp-json\/wp\/v2\/users\/2"}],"replies":[{"embeddable":true,"href":"http:\/\/fundaciolluiscoromina.org\/index.php\/wp-json\/wp\/v2\/comments?post=6349"}],"version-history":[{"count":1,"href":"http:\/\/fundaciolluiscoromina.org\/index.php\/wp-json\/wp\/v2\/posts\/6349\/revisions"}],"predecessor-version":[{"id":6938,"href":"http:\/\/fundaciolluiscoromina.org\/index.php\/wp-json\/wp\/v2\/posts\/6349\/revisions\/6938"}],"wp:featuredmedia":[{"embeddable":true,"href":"http:\/\/fundaciolluiscoromina.org\/index.php\/wp-json\/wp\/v2\/media\/6350"}],"wp:attachment":[{"href":"http:\/\/fundaciolluiscoromina.org\/index.php\/wp-json\/wp\/v2\/media?parent=6349"}],"wp:term":[{"taxonomy":"category","embeddable":true,"href":"http:\/\/fundaciolluiscoromina.org\/index.php\/wp-json\/wp\/v2\/categories?post=6349"},{"taxonomy":"post_tag","embeddable":true,"href":"http:\/\/fundaciolluiscoromina.org\/index.php\/wp-json\/wp\/v2\/tags?post=6349"}],"curies":[{"name":"wp","href":"https:\/\/api.w.org\/{rel}","templated":true}]}}