{"id":6357,"date":"2024-10-18T12:13:43","date_gmt":"2024-10-18T10:13:43","guid":{"rendered":"http:\/\/www.fundaciolluiscoromina.org\/?p=6357"},"modified":"2026-09-02T16:50:31","modified_gmt":"2026-09-02T14:50:31","slug":"lespai-isern-dalmau-acull-la-inaguracio-de-lexposicio","status":"publish","type":"post","link":"http:\/\/fundaciolluiscoromina.org\/index.php\/2024\/10\/18\/lespai-isern-dalmau-acull-la-inaguracio-de-lexposicio\/","title":{"rendered":"L&#8217;Espai Isern Dalmau acull la inaguraci\u00f3 de l&#8217;exposici\u00f3 &#8216;Topograf\u00edas de las memorias&#8217; de Sandra Rengifo i Roc Par\u00e9s"},"content":{"rendered":"<p>El pr\u00f2xim dijous 24 d&#8217;octubre, a les 19 h, l&#8217;Espai Isern Dalmau acollir\u00e0 la inauguraci\u00f3 de l&#8217;exposici\u00f3 <strong><em>Topograf\u00edas de las memorias. <\/em><\/strong>Una instal\u00b7laci\u00f3 fruit del di\u00e0leg\u00a0entre\u00a0<em>Mayoral de acero: destajo<\/em>, de\u00a0<strong>Sandra Rengifo<\/strong>\u00a0amb la col\u00b7laboraci\u00f3 de Kostas Tsanakas, i\u00a0<em>Maqueta entrenada<\/em>, de\u00a0<strong>Roc Par\u00e9s<\/strong>.<\/p>\n<p>Separats per un oce\u00e0 i units per una imparable connexi\u00f3 mental, Roc Par\u00e9s i Sandra Rengifo s\u2019ajunten per segona vegada per crear una obra in\u00e8dita a partir de propostes ja presents (o latents). En aquesta ocasi\u00f3, conversen creativament a <em>Topograf\u00edas de las memorias<\/em>, posant en di\u00e0leg el projecte fotogr\u00e0fic, pict\u00f2ric i instal\u00b7latiu <em>Mayoral de acero: destajo<\/em> de Sandra Rengifo en col\u00b7laboraci\u00f3 amb Kostas Tsanakas, amb la instal\u00b7laci\u00f3 interactiva <em>Maqueta entrenada<\/em>, de Roc Par\u00e9s.D&#8217;aquesta manera, creen una experi\u00e8ncia mitjan\u00e7ant imatges, sons, olors, assenyalen les hist\u00f2ries de les persones les veus de les quals han estat silenciades i ens conviden a reflexionar sobre mem\u00f2ria i p\u00e8rdua, ideals i decepcions. Un proc\u00e9s comissariat conjuntament per Roberta Bosco i Fernando Cuevas Ulitzsch.La inauguraci\u00f3 tindr\u00e0 lloc el dijous 24 d&#8217;octubre a les 19 h a l&#8217;Espai Isern Dalmau de Barcelona.<\/p>\n","protected":false},"excerpt":{"rendered":"<p>El pr\u00f2xim dijous 24 d&#8217;octubre, a les 19 h, l&#8217;Espai Isern Dalmau acollir\u00e0 la inauguraci\u00f3 de l&#8217;exposici\u00f3 Topograf\u00edas de las &#8230;<\/p>\n","protected":false},"author":2,"featured_media":6359,"comment_status":"closed","ping_status":"open","sticky":false,"template":"","format":"standard","meta":{"footnotes":""},"categories":[14,15,10,228],"tags":[],"class_list":["post-6357","post","type-post","status-publish","format-standard","has-post-thumbnail","hentry","category-accions-culturals","category-accions-socials","category-activitats","category-exposicions-espai-isern-dalmau"],"_links":{"self":[{"href":"http:\/\/fundaciolluiscoromina.org\/index.php\/wp-json\/wp\/v2\/posts\/6357","targetHints":{"allow":["GET"]}}],"collection":[{"href":"http:\/\/fundaciolluiscoromina.org\/index.php\/wp-json\/wp\/v2\/posts"}],"about":[{"href":"http:\/\/fundaciolluiscoromina.org\/index.php\/wp-json\/wp\/v2\/types\/post"}],"author":[{"embeddable":true,"href":"http:\/\/fundaciolluiscoromina.org\/index.php\/wp-json\/wp\/v2\/users\/2"}],"replies":[{"embeddable":true,"href":"http:\/\/fundaciolluiscoromina.org\/index.php\/wp-json\/wp\/v2\/comments?post=6357"}],"version-history":[{"count":1,"href":"http:\/\/fundaciolluiscoromina.org\/index.php\/wp-json\/wp\/v2\/posts\/6357\/revisions"}],"predecessor-version":[{"id":6937,"href":"http:\/\/fundaciolluiscoromina.org\/index.php\/wp-json\/wp\/v2\/posts\/6357\/revisions\/6937"}],"wp:featuredmedia":[{"embeddable":true,"href":"http:\/\/fundaciolluiscoromina.org\/index.php\/wp-json\/wp\/v2\/media\/6359"}],"wp:attachment":[{"href":"http:\/\/fundaciolluiscoromina.org\/index.php\/wp-json\/wp\/v2\/media?parent=6357"}],"wp:term":[{"taxonomy":"category","embeddable":true,"href":"http:\/\/fundaciolluiscoromina.org\/index.php\/wp-json\/wp\/v2\/categories?post=6357"},{"taxonomy":"post_tag","embeddable":true,"href":"http:\/\/fundaciolluiscoromina.org\/index.php\/wp-json\/wp\/v2\/tags?post=6357"}],"curies":[{"name":"wp","href":"https:\/\/api.w.org\/{rel}","templated":true}]}}