{"id":6364,"date":"2024-11-22T09:43:28","date_gmt":"2024-11-22T08:43:28","guid":{"rendered":"http:\/\/www.fundaciolluiscoromina.org\/?p=6364"},"modified":"2026-09-02T16:50:31","modified_gmt":"2026-09-02T14:50:31","slug":"lespai-eat-art-acull-la-presentacio-del-llibre-banyoles-inedita-del-fotograf-tino-soriano","status":"publish","type":"post","link":"http:\/\/fundaciolluiscoromina.org\/index.php\/2024\/11\/22\/lespai-eat-art-acull-la-presentacio-del-llibre-banyoles-inedita-del-fotograf-tino-soriano\/","title":{"rendered":"L&#8217;Espai Eat Art acull la presentaci\u00f3 del llibre &#8216;Banyoles In\u00e8dita&#8217; del fot\u00f2graf Tino Soriano"},"content":{"rendered":"<p>El divendres 29 de novembre, a les 19 h, l&#8217;Espai Eat Art de la Fundaci\u00f3 Llu\u00eds Coromina Isern acollir\u00e0 la presentaci\u00f3 del llibre<em> Banyoles In\u00e8dita<\/em> del fot\u00f2graf Tino Soriano. Un recorregut de quaranta anys fotografiant l\u2019estany, amb unes primeres imatges amb pel\u00b7l\u00edcula de blanc i negre fins als moderns arxius digitals en color. La tecnologia ha canviat, per\u00f2 no l\u2019emoci\u00f3 de captar amb la c\u00e0mera moments, personatges i situacions intangibles que aporten uns valors excepcionals a un paratge extraordinari.<\/p>\n<p>Per celebrar els seus quaranta anys fotografiant l\u2019estany, el fot\u00f2graf Tino Soriano s\u2019incorpora a la col\u00b7lecci\u00f3<em> Fot\u00f2grafs Banyolins<\/em> publicada per Rigau Editors amb imatges in\u00e8dites del seu arxiu i textos de Josep Santaeul\u00e0lia, Josep Grabuleda i Josep M. de Llobet<\/p>\n<p><strong>Tino Soriano<\/strong><\/p>\n<p>Nascut a Barcelona i resident a Banyoles, Tino Soriano \u00e9s un fot\u00f2graf vinculat a la Fundaci\u00f3 Llu\u00eds Coromina Isern que divideix el seu treball entre la fotografia de viatges i el fotoperiodisme, especialment sobre el m\u00f3n de la medicina. Ha estat premiat per la UNESCO, l\u2019OMS, la Fundaci\u00f3 World Press Photo i ha guanyat cinc guardons FotoPres. Ha treballat com a fot\u00f2graf en dotzenes d\u2019hospitals de tot el m\u00f3n i ha col\u00b7laborat amb diverses entitats m\u00e8diques, amb l\u2019objectiu de documentar amb espontane\u00eftat uns espais que s\u00f3n de dif\u00edcil acc\u00e9s per a les c\u00e0meres fotogr\u00e0fiques. A dia d\u2019avui, Tino Soriano treballa en un projecte sobre medicina tradicional a diversos pa\u00efsos amb National Geographic, on hi col\u00b7labora des de fa m\u00e9s de vint anys.<\/p>\n","protected":false},"excerpt":{"rendered":"<p>El divendres 29 de novembre, a les 19 h, l&#8217;Espai Eat Art de la Fundaci\u00f3 Llu\u00eds Coromina Isern acollir\u00e0 la &#8230;<\/p>\n","protected":false},"author":2,"featured_media":6367,"comment_status":"closed","ping_status":"open","sticky":false,"template":"","format":"standard","meta":{"footnotes":""},"categories":[14,10],"tags":[],"class_list":["post-6364","post","type-post","status-publish","format-standard","has-post-thumbnail","hentry","category-accions-culturals","category-activitats"],"_links":{"self":[{"href":"http:\/\/fundaciolluiscoromina.org\/index.php\/wp-json\/wp\/v2\/posts\/6364","targetHints":{"allow":["GET"]}}],"collection":[{"href":"http:\/\/fundaciolluiscoromina.org\/index.php\/wp-json\/wp\/v2\/posts"}],"about":[{"href":"http:\/\/fundaciolluiscoromina.org\/index.php\/wp-json\/wp\/v2\/types\/post"}],"author":[{"embeddable":true,"href":"http:\/\/fundaciolluiscoromina.org\/index.php\/wp-json\/wp\/v2\/users\/2"}],"replies":[{"embeddable":true,"href":"http:\/\/fundaciolluiscoromina.org\/index.php\/wp-json\/wp\/v2\/comments?post=6364"}],"version-history":[{"count":1,"href":"http:\/\/fundaciolluiscoromina.org\/index.php\/wp-json\/wp\/v2\/posts\/6364\/revisions"}],"predecessor-version":[{"id":6936,"href":"http:\/\/fundaciolluiscoromina.org\/index.php\/wp-json\/wp\/v2\/posts\/6364\/revisions\/6936"}],"wp:featuredmedia":[{"embeddable":true,"href":"http:\/\/fundaciolluiscoromina.org\/index.php\/wp-json\/wp\/v2\/media\/6367"}],"wp:attachment":[{"href":"http:\/\/fundaciolluiscoromina.org\/index.php\/wp-json\/wp\/v2\/media?parent=6364"}],"wp:term":[{"taxonomy":"category","embeddable":true,"href":"http:\/\/fundaciolluiscoromina.org\/index.php\/wp-json\/wp\/v2\/categories?post=6364"},{"taxonomy":"post_tag","embeddable":true,"href":"http:\/\/fundaciolluiscoromina.org\/index.php\/wp-json\/wp\/v2\/tags?post=6364"}],"curies":[{"name":"wp","href":"https:\/\/api.w.org\/{rel}","templated":true}]}}