{"id":6373,"date":"2024-11-28T14:50:59","date_gmt":"2024-11-28T13:50:59","guid":{"rendered":"http:\/\/www.fundaciolluiscoromina.org\/?p=6373"},"modified":"2026-09-02T16:50:31","modified_gmt":"2026-09-02T14:50:31","slug":"la-vi-edicio-dels-premis-bonart-dona-el-tret-de-sortida-als-actes-del-xxv-aniversari-de-la-publicacio","status":"publish","type":"post","link":"http:\/\/fundaciolluiscoromina.org\/index.php\/2024\/11\/28\/la-vi-edicio-dels-premis-bonart-dona-el-tret-de-sortida-als-actes-del-xxv-aniversari-de-la-publicacio\/","title":{"rendered":"La VI edici\u00f3 dels premis Bonart d\u00f3na el tret de sortida als actes del XXV aniversari de la publicaci\u00f3"},"content":{"rendered":"<p>La revista\u00a0<em><strong>Bonart\u00a0<\/strong><\/em>ha iniciat el seu\u00a0<strong>25\u00e8 aniversari<\/strong>, que s\u2019estendr\u00e0 fins al novembre del 2025, amb una bateria d\u2019activitats per tot el territori, que es presentaran oficialment el gener de l\u2019any vinent. La primera d\u2019aquestes activitats va ser la VI edici\u00f3 dels Premis Bonart, que es va celebrar el passat dimarts 19 de novembre del 2024 a l\u2019Espai Fundaci\u00f3 \u201c<strong>la Caixa\u201d de Girona<\/strong>. Abans de l\u2019entrega de premis,\u00a0Ricard Planas, director de Bonart, va participar en una conversa sobre el quart de segle de la revista i el paper essencial de l\u2019art i la cultura, acompanyat de l\u2019alcalde de Girona,\u00a0Lluc Salellas, i del president de la Fundaci\u00f3 de Girona i alcalde de Banyoles,\u00a0Miquel Noguer. La setmana de celebracions va continuar el 22 de novembre, al\u00a0<strong>Caixaf\u00f2rum de Barcelona,\u00a0<\/strong>culminant una edici\u00f3 que reconeix la tasca de\u00a0<strong>vint\u00a0<\/strong>destacades institucions i professionals que han contribu\u00eft a la difusi\u00f3 i promoci\u00f3 de l&#8217;art contemporani i la cultura a Catalunya i arreu.<\/p>\n<p>Entre els guardonats, destaquen propostes com <strong>Art Especial<\/strong> de la Fundaci\u00f3 Estany, un projecte amb el suport d ela Fundaci\u00f3 Llu\u00eds Coromina que es porta a terme al Puntal &#8211; Laboratori de les Arts i que ha rebut un el Premi Bonart per la seva tasca per trencar barreres entre l&#8217;art i la discapacitat. L&#8217;artista i responsable del projecte, Hellen Baanders, i la directora de la Fundaci\u00f3 Estany, Isabel L\u00f3pez, van recollir a escenari aquest guard\u00f3, que va entregar la vicepresidenta de la Fundaci\u00f3 Llu\u00eds Coromina Isern i CEO del grup Agrienergia, Montse Oller<\/p>\n<p>Amb aquests dos actes de celebraci\u00f3, Bonart va voler valorar les iniciatives que han afavorit el creixement cultural i art\u00edstic de Catalunya, tant en l\u2019\u00e0mbit local com internacional, reconeixent el comprom\u00eds de les institucions, fundacions, administracions i professionals que treballen per l\u2019art i la cultura.<\/p>\n<p>&nbsp;<\/p>\n","protected":false},"excerpt":{"rendered":"<p>La revista\u00a0Bonart\u00a0ha iniciat el seu\u00a025\u00e8 aniversari, que s\u2019estendr\u00e0 fins al novembre del 2025, amb una bateria d\u2019activitats per tot el &#8230;<\/p>\n","protected":false},"author":2,"featured_media":6374,"comment_status":"closed","ping_status":"open","sticky":false,"template":"","format":"standard","meta":{"footnotes":""},"categories":[10],"tags":[],"class_list":["post-6373","post","type-post","status-publish","format-standard","has-post-thumbnail","hentry","category-activitats"],"_links":{"self":[{"href":"http:\/\/fundaciolluiscoromina.org\/index.php\/wp-json\/wp\/v2\/posts\/6373","targetHints":{"allow":["GET"]}}],"collection":[{"href":"http:\/\/fundaciolluiscoromina.org\/index.php\/wp-json\/wp\/v2\/posts"}],"about":[{"href":"http:\/\/fundaciolluiscoromina.org\/index.php\/wp-json\/wp\/v2\/types\/post"}],"author":[{"embeddable":true,"href":"http:\/\/fundaciolluiscoromina.org\/index.php\/wp-json\/wp\/v2\/users\/2"}],"replies":[{"embeddable":true,"href":"http:\/\/fundaciolluiscoromina.org\/index.php\/wp-json\/wp\/v2\/comments?post=6373"}],"version-history":[{"count":1,"href":"http:\/\/fundaciolluiscoromina.org\/index.php\/wp-json\/wp\/v2\/posts\/6373\/revisions"}],"predecessor-version":[{"id":6935,"href":"http:\/\/fundaciolluiscoromina.org\/index.php\/wp-json\/wp\/v2\/posts\/6373\/revisions\/6935"}],"wp:featuredmedia":[{"embeddable":true,"href":"http:\/\/fundaciolluiscoromina.org\/index.php\/wp-json\/wp\/v2\/media\/6374"}],"wp:attachment":[{"href":"http:\/\/fundaciolluiscoromina.org\/index.php\/wp-json\/wp\/v2\/media?parent=6373"}],"wp:term":[{"taxonomy":"category","embeddable":true,"href":"http:\/\/fundaciolluiscoromina.org\/index.php\/wp-json\/wp\/v2\/categories?post=6373"},{"taxonomy":"post_tag","embeddable":true,"href":"http:\/\/fundaciolluiscoromina.org\/index.php\/wp-json\/wp\/v2\/tags?post=6373"}],"curies":[{"name":"wp","href":"https:\/\/api.w.org\/{rel}","templated":true}]}}