{"id":6376,"date":"2024-12-04T16:26:55","date_gmt":"2024-12-04T15:26:55","guid":{"rendered":"http:\/\/www.fundaciolluiscoromina.org\/?p=6376"},"modified":"2026-09-02T16:50:31","modified_gmt":"2026-09-02T14:50:31","slug":"lexposicio-fotografica-mima-de-pau-carulla-arriba-a-la-universitat-de-vic","status":"publish","type":"post","link":"http:\/\/fundaciolluiscoromina.org\/index.php\/2024\/12\/04\/lexposicio-fotografica-mima-de-pau-carulla-arriba-a-la-universitat-de-vic\/","title":{"rendered":"L\u2019exposici\u00f3 fotogr\u00e0fica \u2018MiMa&#8217; de Pau Carulla arriba a la Universitat de Vic"},"content":{"rendered":"<p>El fot\u00f2graf Pau Carulla presenta l\u2019exposici\u00f3 <em>MiMa: Una observaci\u00f3 a\u00e8ria de la natura<\/em> a la Sala G\u00f2tica de la Universitat de Vic, amb la col\u00b7laboraci\u00f3 de la Fundaci\u00f3 Llu\u00eds Coromina Isern i bonart cultural. La inauguraci\u00f3 tindr\u00e0 lloc el pr\u00f2xim\u00a0<strong>dilluns 9 de desembre a les 10 h i es podr\u00e0 visitar fins al 23 de febrer de 2025.\u00a0 <\/strong>Aquesta mostra s&#8217;endinsa en el binomi natura\u00a0i benestar, que\u00a0es posa de manifest per tal que l&#8217;\u00e9sser\u00a0hum\u00e0 i la natura donin significat a una mateixa consci\u00e8ncia.<\/p>\n<p>La interpretaci\u00f3 de la natura, a ulls de l&#8217;artista Pau Carulla, ofereix una mirada art\u00edstica contempor\u00e0nia que emergeix, a ulls de qui observin les fotografies, com un miratge cap a un concepte biomim\u00e8tic. Una visi\u00f3 de la natura a vol d\u2019ocell, que ens descobreix comportaments inscrits en els patrons de la innovaci\u00f3. Aquest projecte neix per ser una exposici\u00f3 itinerant als centres de salut i educatius de Catalunya, i arriba a la Universitat de Vic despr\u00e9s de fer parada a l&#8217;Hospital Cl\u00ednic de Barcelona.<\/p>\n","protected":false},"excerpt":{"rendered":"<p>El fot\u00f2graf Pau Carulla presenta l\u2019exposici\u00f3 MiMa: Una observaci\u00f3 a\u00e8ria de la natura a la Sala G\u00f2tica de la Universitat &#8230;<\/p>\n","protected":false},"author":2,"featured_media":6377,"comment_status":"closed","ping_status":"open","sticky":false,"template":"","format":"standard","meta":{"footnotes":""},"categories":[14,15,10],"tags":[],"class_list":["post-6376","post","type-post","status-publish","format-standard","has-post-thumbnail","hentry","category-accions-culturals","category-accions-socials","category-activitats"],"_links":{"self":[{"href":"http:\/\/fundaciolluiscoromina.org\/index.php\/wp-json\/wp\/v2\/posts\/6376","targetHints":{"allow":["GET"]}}],"collection":[{"href":"http:\/\/fundaciolluiscoromina.org\/index.php\/wp-json\/wp\/v2\/posts"}],"about":[{"href":"http:\/\/fundaciolluiscoromina.org\/index.php\/wp-json\/wp\/v2\/types\/post"}],"author":[{"embeddable":true,"href":"http:\/\/fundaciolluiscoromina.org\/index.php\/wp-json\/wp\/v2\/users\/2"}],"replies":[{"embeddable":true,"href":"http:\/\/fundaciolluiscoromina.org\/index.php\/wp-json\/wp\/v2\/comments?post=6376"}],"version-history":[{"count":1,"href":"http:\/\/fundaciolluiscoromina.org\/index.php\/wp-json\/wp\/v2\/posts\/6376\/revisions"}],"predecessor-version":[{"id":6934,"href":"http:\/\/fundaciolluiscoromina.org\/index.php\/wp-json\/wp\/v2\/posts\/6376\/revisions\/6934"}],"wp:featuredmedia":[{"embeddable":true,"href":"http:\/\/fundaciolluiscoromina.org\/index.php\/wp-json\/wp\/v2\/media\/6377"}],"wp:attachment":[{"href":"http:\/\/fundaciolluiscoromina.org\/index.php\/wp-json\/wp\/v2\/media?parent=6376"}],"wp:term":[{"taxonomy":"category","embeddable":true,"href":"http:\/\/fundaciolluiscoromina.org\/index.php\/wp-json\/wp\/v2\/categories?post=6376"},{"taxonomy":"post_tag","embeddable":true,"href":"http:\/\/fundaciolluiscoromina.org\/index.php\/wp-json\/wp\/v2\/tags?post=6376"}],"curies":[{"name":"wp","href":"https:\/\/api.w.org\/{rel}","templated":true}]}}