{"id":6383,"date":"2024-12-12T11:15:31","date_gmt":"2024-12-12T10:15:31","guid":{"rendered":"http:\/\/www.fundaciolluiscoromina.org\/?p=6383"},"modified":"2026-09-02T16:50:31","modified_gmt":"2026-09-02T14:50:31","slug":"inaugurada-lexposicio-mima-una-observacio-aeria-del-fotograf-pau-carulla-a-la-sala-gotica-de-la-universitat-de-vic","status":"publish","type":"post","link":"http:\/\/fundaciolluiscoromina.org\/index.php\/2024\/12\/12\/inaugurada-lexposicio-mima-una-observacio-aeria-del-fotograf-pau-carulla-a-la-sala-gotica-de-la-universitat-de-vic\/","title":{"rendered":"Inaugurada l&#8217;exposici\u00f3 &#8216;MiMa: una observaci\u00f3 a\u00e8ria&#8217; del fot\u00f2graf Pau Carulla a la Sala G\u00f2tica de la Universitat de Vic"},"content":{"rendered":"<p>Aquest dilluns 9 de desembre a les 10 h del mat\u00ed la Sala G\u00f2tica de la Unviersitat de Vic va acollir la inauguraci\u00f3 de l&#8217;exposici\u00f3 MiMa: una observaci\u00f3 a\u00e8ria del fot\u00f2graf Pau Carulla. Un acte amb la pres\u00e8ncia del Carles Pares, adjunt al Vicerectorat d\u2019Ordenaci\u00f3 Acad\u00e8mica (VOA) de la UVic-UCC; Anna Sabata Secretaria General, i Daniel Fuentes, en\u00a0representaci\u00f3 de la Fundaci\u00f3 Llu\u00eds Coromina Isern.<\/p>\n<p>Aquesta mostra amb l&#8217;impuls de la Fundaci\u00f3 Llu\u00eds Coromina i Isern i amb la col\u00b7laboraci\u00f3 de bonart cultural ofereix una mirada art\u00edstica contempor\u00e0nia que emergeix, a ulls de qui observin les fotografies, com un miratge cap a un concepte biomim\u00e8tic. Es podr\u00e0 visitar en aquest mateix espai fins al 23 de febrer de 2025.<\/p>\n","protected":false},"excerpt":{"rendered":"<p>Aquest dilluns 9 de desembre a les 10 h del mat\u00ed la Sala G\u00f2tica de la Unviersitat de Vic va &#8230;<\/p>\n","protected":false},"author":2,"featured_media":6388,"comment_status":"closed","ping_status":"open","sticky":false,"template":"","format":"standard","meta":{"footnotes":""},"categories":[14,10],"tags":[],"class_list":["post-6383","post","type-post","status-publish","format-standard","has-post-thumbnail","hentry","category-accions-culturals","category-activitats"],"_links":{"self":[{"href":"http:\/\/fundaciolluiscoromina.org\/index.php\/wp-json\/wp\/v2\/posts\/6383","targetHints":{"allow":["GET"]}}],"collection":[{"href":"http:\/\/fundaciolluiscoromina.org\/index.php\/wp-json\/wp\/v2\/posts"}],"about":[{"href":"http:\/\/fundaciolluiscoromina.org\/index.php\/wp-json\/wp\/v2\/types\/post"}],"author":[{"embeddable":true,"href":"http:\/\/fundaciolluiscoromina.org\/index.php\/wp-json\/wp\/v2\/users\/2"}],"replies":[{"embeddable":true,"href":"http:\/\/fundaciolluiscoromina.org\/index.php\/wp-json\/wp\/v2\/comments?post=6383"}],"version-history":[{"count":1,"href":"http:\/\/fundaciolluiscoromina.org\/index.php\/wp-json\/wp\/v2\/posts\/6383\/revisions"}],"predecessor-version":[{"id":6933,"href":"http:\/\/fundaciolluiscoromina.org\/index.php\/wp-json\/wp\/v2\/posts\/6383\/revisions\/6933"}],"wp:featuredmedia":[{"embeddable":true,"href":"http:\/\/fundaciolluiscoromina.org\/index.php\/wp-json\/wp\/v2\/media\/6388"}],"wp:attachment":[{"href":"http:\/\/fundaciolluiscoromina.org\/index.php\/wp-json\/wp\/v2\/media?parent=6383"}],"wp:term":[{"taxonomy":"category","embeddable":true,"href":"http:\/\/fundaciolluiscoromina.org\/index.php\/wp-json\/wp\/v2\/categories?post=6383"},{"taxonomy":"post_tag","embeddable":true,"href":"http:\/\/fundaciolluiscoromina.org\/index.php\/wp-json\/wp\/v2\/tags?post=6383"}],"curies":[{"name":"wp","href":"https:\/\/api.w.org\/{rel}","templated":true}]}}