{"id":6391,"date":"2024-12-12T11:49:30","date_gmt":"2024-12-12T10:49:30","guid":{"rendered":"http:\/\/www.fundaciolluiscoromina.org\/?p=6391"},"modified":"2026-09-02T16:50:31","modified_gmt":"2026-09-02T14:50:31","slug":"la-fil-de-guadalajara-acull-la-presentacio-de-la-segona-edicio-del-premio-diana-zaforteza-coorganitzat-per-la-fundacio-lluis-coromina","status":"publish","type":"post","link":"http:\/\/fundaciolluiscoromina.org\/index.php\/2024\/12\/12\/la-fil-de-guadalajara-acull-la-presentacio-de-la-segona-edicio-del-premio-diana-zaforteza-coorganitzat-per-la-fundacio-lluis-coromina\/","title":{"rendered":"La FIL de Guadalajara acull la presentaci\u00f3 de la segona edici\u00f3 del Premio Diana Zaforteza, amb la col\u00b7laboraci\u00f3 de la Fundaci\u00f3 Llu\u00eds Coromina Isern"},"content":{"rendered":"<div class=\"\" style=\"text-align: left;\">La Feria Internacional del Libro (FIL) de Guadalajara, a M\u00e8xic, va acollir el divendres 6 de desembre la presentaci\u00f3 de la segona edici\u00f3 del <a href=\"https:\/\/www.premiodianazaforteza.com\/es\/\">Premio Diana Zaforteza<\/a>, un certamen amb la col\u00b7laboraci\u00f3 de la Fundaci\u00f3 Llu\u00eds Coromina Isern que t\u00e9 l&#8217;objectiu de premiar una obra original, in\u00e8dita i no guardonada amb anterioritat, escrita en castell\u00e0 per un autor o autora major d&#8217;edat i que no hagi complert els 43 anys. La presentaci\u00f3 del guard\u00f3 va tenir lloc al Pabell\u00f3n Espa\u00f1a de la ciutat mexicana, i va comptar amb la pres\u00e8ncia de Josep Massot, Dolores Rod\u00e9s i Antonio Ortu\u00f1o, i amb el director de la Fundaci\u00f3 Llu\u00eds Coromina, Ricard Planas, com a moderador.<\/div>\n<div style=\"text-align: left;\"><\/div>\n<div class=\"\" style=\"text-align: left;\"><\/div>\n<div style=\"text-align: left;\">Els autors i autores podran presentar-hi els seus manuscrits fins al 15 de febrer de 2025 a les 00 h. La novel\u00b7la guanyadora rebr\u00e0 una dotaci\u00f3 de 20.000 euros i ser\u00e0 seleccionada per un jurat integrat per cinc professionals de prestigi en l&#8217;\u00e0mbit cultural i literari espanyol i llatinoameric\u00e0, format per <span class=\"hiddenSpellError\">H\u00e9ctor<\/span> <span class=\"hiddenSpellError\">Abad<\/span> <span class=\"hiddenSpellError\">Faciolince<\/span>, Aixa de la <span class=\"hiddenSpellError\">Cruz<\/span>, <span class=\"hiddenSpellError\">Ignacio<\/span> <span class=\"hiddenSpellError\">Mart\u00ednezde<\/span> <span class=\"hiddenSpellError\">Pis\u00f3n<\/span>, <span class=\"hiddenSpellError\">Azahara<\/span> Alonso, M\u00f3nica Ojeda i Edurne Portela (amb veu i sense vot).<\/div>\n<div style=\"text-align: left;\"><\/div>\n<div class=\"\"><\/div>\n","protected":false},"excerpt":{"rendered":"<p>La Feria Internacional del Libro (FIL) de Guadalajara, a M\u00e8xic, va acollir el divendres 6 de desembre la presentaci\u00f3 de &#8230;<\/p>\n","protected":false},"author":2,"featured_media":6392,"comment_status":"closed","ping_status":"open","sticky":false,"template":"","format":"standard","meta":{"footnotes":""},"categories":[10],"tags":[],"class_list":["post-6391","post","type-post","status-publish","format-standard","has-post-thumbnail","hentry","category-activitats"],"_links":{"self":[{"href":"http:\/\/fundaciolluiscoromina.org\/index.php\/wp-json\/wp\/v2\/posts\/6391","targetHints":{"allow":["GET"]}}],"collection":[{"href":"http:\/\/fundaciolluiscoromina.org\/index.php\/wp-json\/wp\/v2\/posts"}],"about":[{"href":"http:\/\/fundaciolluiscoromina.org\/index.php\/wp-json\/wp\/v2\/types\/post"}],"author":[{"embeddable":true,"href":"http:\/\/fundaciolluiscoromina.org\/index.php\/wp-json\/wp\/v2\/users\/2"}],"replies":[{"embeddable":true,"href":"http:\/\/fundaciolluiscoromina.org\/index.php\/wp-json\/wp\/v2\/comments?post=6391"}],"version-history":[{"count":1,"href":"http:\/\/fundaciolluiscoromina.org\/index.php\/wp-json\/wp\/v2\/posts\/6391\/revisions"}],"predecessor-version":[{"id":6932,"href":"http:\/\/fundaciolluiscoromina.org\/index.php\/wp-json\/wp\/v2\/posts\/6391\/revisions\/6932"}],"wp:featuredmedia":[{"embeddable":true,"href":"http:\/\/fundaciolluiscoromina.org\/index.php\/wp-json\/wp\/v2\/media\/6392"}],"wp:attachment":[{"href":"http:\/\/fundaciolluiscoromina.org\/index.php\/wp-json\/wp\/v2\/media?parent=6391"}],"wp:term":[{"taxonomy":"category","embeddable":true,"href":"http:\/\/fundaciolluiscoromina.org\/index.php\/wp-json\/wp\/v2\/categories?post=6391"},{"taxonomy":"post_tag","embeddable":true,"href":"http:\/\/fundaciolluiscoromina.org\/index.php\/wp-json\/wp\/v2\/tags?post=6391"}],"curies":[{"name":"wp","href":"https:\/\/api.w.org\/{rel}","templated":true}]}}