{"id":6398,"date":"2024-12-20T10:16:22","date_gmt":"2024-12-20T09:16:22","guid":{"rendered":"http:\/\/www.fundaciolluiscoromina.org\/?p=6398"},"modified":"2026-09-02T16:50:31","modified_gmt":"2026-09-02T14:50:31","slug":"des-de-la-fundacio-lluis-coromina-us-destigem-molt-bones-festes-3","status":"publish","type":"post","link":"http:\/\/fundaciolluiscoromina.org\/index.php\/2024\/12\/20\/des-de-la-fundacio-lluis-coromina-us-destigem-molt-bones-festes-3\/","title":{"rendered":"Des de la Fundaci\u00f3 Llu\u00eds Coromina, us destigem molt bones festes!"},"content":{"rendered":"<p>Des de la Fundaci\u00f3 Llu\u00eds Coromina us desitgem molt bones festes! Que passeu bon Nadal i tingueu una bona entrada d\u2019any!<\/p>\n<p>Els horaris especials de Nadal s\u00f3n:<br \/>\nDimecres 25 desembre, dijous 26 de desembre, dimecres 1 de gener i dilluns 6 de gener, tancat.<\/p>\n<p>Us recordem que durant aquestes festes\u00a0podeu visitar les dues mostres exposades als espais de la Fundaci\u00f3 Llu\u00eds Coromina Isern:<\/p>\n<p><a href=\"http:\/\/www.fundaciolluiscoromina.org\/lespai-eat-art-acull-la-inauguracio-de-lexposicio-zona-mona-de-lartista-francesc-daranas\/\"><strong><em>Zona Mona<\/em> de l\u2019artista Francesc Daranas &#8211; Espai Eat Art de Banyoles<\/strong><\/a><\/p>\n<p>Una exposici\u00f3 de l&#8217;artista Francesc Daranas que gira al voltant dels primats que conviuen, la gran majoria, en el Centre de Recuperaci\u00f3 de la Fundaci\u00f3 Mona. Un conjunt d&#8217;obres exposades que inclou des d\u2019esbossos fins a peces m\u00e9s elaborades i treballades amb t\u00e8cniques de gravat, com la punta seca i el monotip.<\/p>\n<p><a href=\"http:\/\/www.fundaciolluiscoromina.org\/lespai-isern-dalmau-acull-la-inaguracio-de-lexposicio\/\"><strong><em>Topograf\u00edas de las memorias<\/em><\/strong><strong> de Sandra Rengifo i Roc Par\u00e9s &#8211; Espai Isern Dalmau de Barcelona<\/strong><\/a><\/p>\n<p>Fins al 2 de gener, podreu descobrir aquesta instal\u00b7laci\u00f3 fruit del di\u00e0leg\u00a0entre\u00a0<em>Mayoral de acero: destajo<\/em>, de\u00a0<strong>Sandra Rengifo<\/strong>\u00a0amb la col\u00b7laboraci\u00f3 de Kostas Tsanakas, i\u00a0<em>Maqueta entrenada<\/em>, de\u00a0<strong>Roc Par\u00e9s<\/strong>. Separats per un oce\u00e0 i units per una imparable connexi\u00f3 mental, els dos autors s\u2019ajunten per segona vegada per crear una obra in\u00e8dita a partir de propostes ja presents (o latents).<\/p>\n","protected":false},"excerpt":{"rendered":"<p>Des de la Fundaci\u00f3 Llu\u00eds Coromina us desitgem molt bones festes! Que passeu bon Nadal i tingueu una bona entrada &#8230;<\/p>\n","protected":false},"author":2,"featured_media":6399,"comment_status":"closed","ping_status":"open","sticky":false,"template":"","format":"standard","meta":{"footnotes":""},"categories":[14,15,10,228,17],"tags":[],"class_list":["post-6398","post","type-post","status-publish","format-standard","has-post-thumbnail","hentry","category-accions-culturals","category-accions-socials","category-activitats","category-exposicions-espai-isern-dalmau","category-exposicions-espai-eat-art"],"_links":{"self":[{"href":"http:\/\/fundaciolluiscoromina.org\/index.php\/wp-json\/wp\/v2\/posts\/6398","targetHints":{"allow":["GET"]}}],"collection":[{"href":"http:\/\/fundaciolluiscoromina.org\/index.php\/wp-json\/wp\/v2\/posts"}],"about":[{"href":"http:\/\/fundaciolluiscoromina.org\/index.php\/wp-json\/wp\/v2\/types\/post"}],"author":[{"embeddable":true,"href":"http:\/\/fundaciolluiscoromina.org\/index.php\/wp-json\/wp\/v2\/users\/2"}],"replies":[{"embeddable":true,"href":"http:\/\/fundaciolluiscoromina.org\/index.php\/wp-json\/wp\/v2\/comments?post=6398"}],"version-history":[{"count":1,"href":"http:\/\/fundaciolluiscoromina.org\/index.php\/wp-json\/wp\/v2\/posts\/6398\/revisions"}],"predecessor-version":[{"id":6931,"href":"http:\/\/fundaciolluiscoromina.org\/index.php\/wp-json\/wp\/v2\/posts\/6398\/revisions\/6931"}],"wp:featuredmedia":[{"embeddable":true,"href":"http:\/\/fundaciolluiscoromina.org\/index.php\/wp-json\/wp\/v2\/media\/6399"}],"wp:attachment":[{"href":"http:\/\/fundaciolluiscoromina.org\/index.php\/wp-json\/wp\/v2\/media?parent=6398"}],"wp:term":[{"taxonomy":"category","embeddable":true,"href":"http:\/\/fundaciolluiscoromina.org\/index.php\/wp-json\/wp\/v2\/categories?post=6398"},{"taxonomy":"post_tag","embeddable":true,"href":"http:\/\/fundaciolluiscoromina.org\/index.php\/wp-json\/wp\/v2\/tags?post=6398"}],"curies":[{"name":"wp","href":"https:\/\/api.w.org\/{rel}","templated":true}]}}