{"id":6406,"date":"2024-12-31T11:23:26","date_gmt":"2024-12-31T10:23:26","guid":{"rendered":"http:\/\/www.fundaciolluiscoromina.org\/?p=6406"},"modified":"2026-09-02T16:50:31","modified_gmt":"2026-09-02T14:50:31","slug":"lespai-eat-art-acull-la-presentacio-del-llibre-per-a-infants-roc-guitar-circ-cric","status":"publish","type":"post","link":"http:\/\/fundaciolluiscoromina.org\/index.php\/2024\/12\/31\/lespai-eat-art-acull-la-presentacio-del-llibre-per-a-infants-roc-guitar-circ-cric\/","title":{"rendered":"L&#8217;Espai Eat Art acull la presentaci\u00f3 del llibre &#8216;Roc Guitar: Circ Cric&#8217; de Jaume Copons i Liliana Fortuny"},"content":{"rendered":"<div>Aquest dissabte 4 de gener de 2025, l&#8217;Espai Eat Art de Banyoles acollir\u00e0 la presentaci\u00f3 del llibre <em>Roc Guitar: Circ Cric. <\/em>Una activitat organitzada per la Llibreria l&#8217;Altell que tindr\u00e0 lloc a les 12 h del migdia i que comptar\u00e0 amb la presentaci\u00f3 de la responsable de la llibreria, Irene Tort\u00f3s-Sala, i amb la pres\u00e8ncia dels autors de l&#8217;obra, Jaume Copons i Liliana Fortuny. A m\u00e9s, l&#8217;acte tamb\u00e9 comptar\u00e0 amb la pres\u00e8ncia de diversos membres del Circ Cric, com Tortell Poltrona, Srta. Titat i Petita Lu.<\/div>\n<div class=\"\"><\/div>\n","protected":false},"excerpt":{"rendered":"<p>Aquest dissabte 4 de gener de 2025, l&#8217;Espai Eat Art de Banyoles acollir\u00e0 la presentaci\u00f3 del llibre Roc Guitar: Circ &#8230;<\/p>\n","protected":false},"author":2,"featured_media":6409,"comment_status":"closed","ping_status":"open","sticky":false,"template":"","format":"standard","meta":{"footnotes":""},"categories":[14,10],"tags":[],"class_list":["post-6406","post","type-post","status-publish","format-standard","has-post-thumbnail","hentry","category-accions-culturals","category-activitats"],"_links":{"self":[{"href":"http:\/\/fundaciolluiscoromina.org\/index.php\/wp-json\/wp\/v2\/posts\/6406","targetHints":{"allow":["GET"]}}],"collection":[{"href":"http:\/\/fundaciolluiscoromina.org\/index.php\/wp-json\/wp\/v2\/posts"}],"about":[{"href":"http:\/\/fundaciolluiscoromina.org\/index.php\/wp-json\/wp\/v2\/types\/post"}],"author":[{"embeddable":true,"href":"http:\/\/fundaciolluiscoromina.org\/index.php\/wp-json\/wp\/v2\/users\/2"}],"replies":[{"embeddable":true,"href":"http:\/\/fundaciolluiscoromina.org\/index.php\/wp-json\/wp\/v2\/comments?post=6406"}],"version-history":[{"count":1,"href":"http:\/\/fundaciolluiscoromina.org\/index.php\/wp-json\/wp\/v2\/posts\/6406\/revisions"}],"predecessor-version":[{"id":6930,"href":"http:\/\/fundaciolluiscoromina.org\/index.php\/wp-json\/wp\/v2\/posts\/6406\/revisions\/6930"}],"wp:featuredmedia":[{"embeddable":true,"href":"http:\/\/fundaciolluiscoromina.org\/index.php\/wp-json\/wp\/v2\/media\/6409"}],"wp:attachment":[{"href":"http:\/\/fundaciolluiscoromina.org\/index.php\/wp-json\/wp\/v2\/media?parent=6406"}],"wp:term":[{"taxonomy":"category","embeddable":true,"href":"http:\/\/fundaciolluiscoromina.org\/index.php\/wp-json\/wp\/v2\/categories?post=6406"},{"taxonomy":"post_tag","embeddable":true,"href":"http:\/\/fundaciolluiscoromina.org\/index.php\/wp-json\/wp\/v2\/tags?post=6406"}],"curies":[{"name":"wp","href":"https:\/\/api.w.org\/{rel}","templated":true}]}}