{"id":6416,"date":"2025-01-08T10:48:41","date_gmt":"2025-01-08T09:48:41","guid":{"rendered":"http:\/\/www.fundaciolluiscoromina.org\/?p=6416"},"modified":"2026-09-02T16:50:31","modified_gmt":"2026-09-02T14:50:31","slug":"nova-edicio-del-cimic-el-cicle-itinerant-de-musica-improvisada-de-catalunya-2","status":"publish","type":"post","link":"http:\/\/fundaciolluiscoromina.org\/index.php\/2025\/01\/08\/nova-edicio-del-cimic-el-cicle-itinerant-de-musica-improvisada-de-catalunya-2\/","title":{"rendered":"Nova edici\u00f3 del cIMIc, el Cicle Itinerant de M\u00fasica Improvisada de Catalunya"},"content":{"rendered":"<p>Des del mes de gener fins a l\u2019abril, el Cicle Itinerant de M\u00fasica Improvisada de Catalunya (cIMIc) celebra una nova edici\u00f3 amb quatre propostes de m\u00fasica que giraran a sis ciutats i espais diferents de Catalunya, entre els quals hi ha l\u2019Espai Eat Art de Banyoles i l\u2019Espai Isern Dalmau de Barcelona de la Fundaci\u00f3 Llu\u00eds Coromina. Completen el circuit Igualada (Cicle Cuir), Vic (Jazz Cava), la Seu d\u2019Urgell (Escola de Teatre de la Seu d&#8217;Urgell, Local de Meteopirineus i Llibreria El Refugi) i Olot (Can Batet). Es tracta de la segona edici\u00f3 d&#8217;aquesta iniciativa de DUOT (Albert Cirera i Ramon Prats), que el 2024 va programar diverses propostes de m\u00fasiques improvisades, amb noms com Jao Braz i \u00c1ngel Faraldo, Juli\u00e1n S\u00e1nchez o Gl\u00f2ria Ros i Anna Subirana, entre d&#8217;altres. Enguany, tots els espectacles de l\u2019Espai Eat Art i a l\u2019Espai Isern Dalmau tindran lloc a les 20 h del vespre, i les entrades, que tenen un preu de 5 euros, es podran adquirir una hora abans de l\u2019inici del concert.<\/p>\n<p>Les propostes que formen part d\u2019aquesta edici\u00f3 s\u00f3n:<\/p>\n<p>&nbsp;<\/p>\n<p><img loading=\"lazy\" decoding=\"async\" class=\"alignnone size-medium wp-image-6420\" src=\"http:\/\/test.fundaciolluiscoromina.org\/wp-content\/uploads\/2025\/01\/24.11.29_Rita_Payes_666811da70f83-300x169.jpg\" alt=\"\" width=\"300\" height=\"169\" srcset=\"http:\/\/fundaciolluiscoromina.org\/wp-content\/uploads\/2025\/01\/24.11.29_Rita_Payes_666811da70f83-300x169.jpg 300w, http:\/\/fundaciolluiscoromina.org\/wp-content\/uploads\/2025\/01\/24.11.29_Rita_Payes_666811da70f83-768x432.jpg 768w, http:\/\/fundaciolluiscoromina.org\/wp-content\/uploads\/2025\/01\/24.11.29_Rita_Payes_666811da70f83.jpg 770w\" sizes=\"auto, (max-width: 300px) 100vw, 300px\" \/><\/p>\n<p><strong>Marcel\u00b7l\u00ed Bayer <\/strong><\/p>\n<p>Dimarts 21 de gener | Barcelona Espai Isern Dalmau, 20 h<\/p>\n<p>Dimecres 22 de gener\u00a0 | Igualada Cicle Cuir, 20:45 h<\/p>\n<p>Dijous 23 de gener | La Seu Escola de Teatre de La Seu d&#8217;Urgell, 20 h<\/p>\n<p>Divendres 24 de gener | Banyoles Espai Eat Art, 20 h<\/p>\n<p>Dissabte 25 de gener | Olot Can Batet, 12 h<\/p>\n<p>Diumenge 26 de gener | Vic Jazz Cava, 19 h<\/p>\n<p><em>The Brightest Point<\/em> \u00e9s el quart disc d&#8217;una s\u00e8rie de solos del saxofonista i clarinetista Marcel\u00b7l\u00ed Bayer. Un conjunt de peces creades amb el clarinet i el clarinet baix, improvisades i enregistrades gaireb\u00e9 a les fosques en preses \u00faniques. El disc gira al voltant de l\u2019explosi\u00f3 i deca\u00efment d\u2019una supernova, produ\u00efda fa onze mil milons d\u2019anys i que el Telescopi Espacial Hubble va capturar el 2022.<\/p>\n<p>&nbsp;<\/p>\n<p><img loading=\"lazy\" decoding=\"async\" class=\"alignnone size-medium wp-image-6418\" src=\"http:\/\/test.fundaciolluiscoromina.org\/wp-content\/uploads\/2025\/01\/aa-300x169.jpg\" alt=\"\" width=\"300\" height=\"169\" srcset=\"http:\/\/fundaciolluiscoromina.org\/wp-content\/uploads\/2025\/01\/aa-300x169.jpg 300w, http:\/\/fundaciolluiscoromina.org\/wp-content\/uploads\/2025\/01\/aa-768x432.jpg 768w, http:\/\/fundaciolluiscoromina.org\/wp-content\/uploads\/2025\/01\/aa.jpg 770w\" sizes=\"auto, (max-width: 300px) 100vw, 300px\" \/><\/p>\n<p><strong>Henrik Olsson <\/strong><strong>i Ola Rubin<br \/>\n<\/strong><\/p>\n<p>Dimarts 18 de febrer | Barcelona Espai Isern Dalmau, 20 h<\/p>\n<p>Dimecres 19 de febrer | Igualada Cicle Cuir, 20:45 h<\/p>\n<p>Dijous 20 de febrer | La Seu local de Meteopirineus, 20 h<\/p>\n<p>Divendres 21 de febrer | Banyoles Espai Eat Art, 20 h<\/p>\n<p>Dissabte 22 de febrer | Olot Can Batet, 12 h<\/p>\n<p>Diumenge 23 de febrer | Vic Jazz Cava, 19 h<\/p>\n<p>Henrik Olsson (guitarra) i Ola Rubin (tromb\u00f3) s\u00f3n dos reconeguts improvisadors suecs, residents a Copenhaguen i Malm\u00f6, on participen en diversos projectes de l&#8217;escena local i internacional. Amb el seu duet OLSSON|RUBIN, se submergeixen en un di\u00e0leg musical improvisat, ple d&#8217;energia i expressivitat. S&#8217;obren cam\u00ed cap al que no s&#8217;escolta, explorant meticulosament sons al\u00b7lucinants, ritmes i formes sonores abstractes, amb r\u00e0pids canvis entre aquests. La curiositat \u00e9s el nucli de la identitat del duo, aix\u00ed com la seva interacci\u00f3 reactiva i din\u00e0mica.<\/p>\n<p>&nbsp;<\/p>\n<p><img loading=\"lazy\" decoding=\"async\" class=\"alignnone size-medium wp-image-6421\" src=\"http:\/\/test.fundaciolluiscoromina.org\/wp-content\/uploads\/2025\/01\/qqq-300x169.jpg\" alt=\"\" width=\"300\" height=\"169\" srcset=\"http:\/\/fundaciolluiscoromina.org\/wp-content\/uploads\/2025\/01\/qqq-300x169.jpg 300w, http:\/\/fundaciolluiscoromina.org\/wp-content\/uploads\/2025\/01\/qqq-768x432.jpg 768w, http:\/\/fundaciolluiscoromina.org\/wp-content\/uploads\/2025\/01\/qqq.jpg 770w\" sizes=\"auto, (max-width: 300px) 100vw, 300px\" \/><\/p>\n<p><strong>N\u00faria Mart\u00ednez-Vernis i Oriol Sauleda<\/strong><\/p>\n<p>Dimarts 18 de mar\u00e7 | Barcelona Espai Isern Dalmau, 20 h<\/p>\n<p>Dimecres 19 de mar\u00e7 | Igualada Cicle Cuir, 20:45 h<\/p>\n<p>Dijous 20 de mar\u00e7 | La Seu Ateneu Alt Urgell, 20 h<\/p>\n<p>Divendres 21 de mar\u00e7 | Banyoles Espai Eat Art, 20 h<\/p>\n<p>Dissabte 22 de mar\u00e7 | Olot Can Batet, 12 h<\/p>\n<p>Diumenge 23 de mar\u00e7 | Vic Jazz Cava, 19 h<\/p>\n<p>I qu\u00e8 coi fan aquest parell? Doncs fan un clic i el fan a ulls clucs, \u00e9s real d&#8217;ara mateix aix\u00f2 que \u00e9s com un peix a dins del sol, i que \u00e9s una cosa molt senzilla com parlar sense els embuts i amb pensament sense pensar perqu\u00e8 est\u00e0 en marxa i l&#8217;ocell, que quan troba un tros de pa no ho veu un triomf, ho simplifica senzill i diu mentides. \u00c9s divertit si prens dist\u00e0ncia i fas voltes d&#8217;humanitat que poden fer voltes al mateix tomb sense adonar-se&#8217;n. Espai lliure d&#8217;avorrides realitats. Tanta \u00e9s l&#8217;olla bull que se&#8217;ns en va i volta.<\/p>\n<p>&nbsp;<\/p>\n<p><img loading=\"lazy\" decoding=\"async\" class=\"alignnone size-medium wp-image-6419\" src=\"http:\/\/test.fundaciolluiscoromina.org\/wp-content\/uploads\/2025\/01\/sss-300x169.jpg\" alt=\"\" width=\"300\" height=\"169\" srcset=\"http:\/\/fundaciolluiscoromina.org\/wp-content\/uploads\/2025\/01\/sss-300x169.jpg 300w, http:\/\/fundaciolluiscoromina.org\/wp-content\/uploads\/2025\/01\/sss-768x432.jpg 768w, http:\/\/fundaciolluiscoromina.org\/wp-content\/uploads\/2025\/01\/sss.jpg 770w\" sizes=\"auto, (max-width: 300px) 100vw, 300px\" \/><\/p>\n<p><strong>Leonor Falc\u00f3n i Barbara Togander<\/strong><\/p>\n<p>Dimarts 8 d&#8217;abril | Barcelona Espai Isern Dalmau, 20 h<\/p>\n<p>Dimecres 9 d&#8217;abril | Igualada Cicle Cuir, 20:45 h<\/p>\n<p>Dijous 10 d&#8217;abril | La Seu llibreria El Refugi, 20 h<\/p>\n<p>Divendres 11 d&#8217;abril | Banyoles Espai Eat Art, 20 h<\/p>\n<p>Dissabte 12 d&#8217;abril | Olot Can Batet, 12 h<\/p>\n<p>Diumenge 13 d&#8217;abril | Vic Jazz Cava, 19 h<\/p>\n<p>Amb una connexi\u00f3 entre elles que flueix de manera gaireb\u00e9 org\u00e0nica, Leonor Falc\u00f3n i Barbara Togander teixeixen un univers sonor de sorprenents matisos. Delicades, aspres, mel\u00f2diques, fragmentades, dist\u00f2piques, per\u00f2 mai previsibles i amb una gran capacitat imaginativa, Falc\u00f3n i Togander construeixen una entitat s\u00f2nica bic\u00e8fala on, per moments, els seus instruments es fonen en una inquietant simbiosi.<\/p>\n","protected":false},"excerpt":{"rendered":"<p>Des del mes de gener fins a l\u2019abril, el Cicle Itinerant de M\u00fasica Improvisada de Catalunya (cIMIc) celebra una nova &#8230;<\/p>\n","protected":false},"author":2,"featured_media":6427,"comment_status":"closed","ping_status":"open","sticky":false,"template":"","format":"standard","meta":{"footnotes":""},"categories":[14,15,10],"tags":[],"class_list":["post-6416","post","type-post","status-publish","format-standard","has-post-thumbnail","hentry","category-accions-culturals","category-accions-socials","category-activitats"],"_links":{"self":[{"href":"http:\/\/fundaciolluiscoromina.org\/index.php\/wp-json\/wp\/v2\/posts\/6416","targetHints":{"allow":["GET"]}}],"collection":[{"href":"http:\/\/fundaciolluiscoromina.org\/index.php\/wp-json\/wp\/v2\/posts"}],"about":[{"href":"http:\/\/fundaciolluiscoromina.org\/index.php\/wp-json\/wp\/v2\/types\/post"}],"author":[{"embeddable":true,"href":"http:\/\/fundaciolluiscoromina.org\/index.php\/wp-json\/wp\/v2\/users\/2"}],"replies":[{"embeddable":true,"href":"http:\/\/fundaciolluiscoromina.org\/index.php\/wp-json\/wp\/v2\/comments?post=6416"}],"version-history":[{"count":1,"href":"http:\/\/fundaciolluiscoromina.org\/index.php\/wp-json\/wp\/v2\/posts\/6416\/revisions"}],"predecessor-version":[{"id":6929,"href":"http:\/\/fundaciolluiscoromina.org\/index.php\/wp-json\/wp\/v2\/posts\/6416\/revisions\/6929"}],"wp:featuredmedia":[{"embeddable":true,"href":"http:\/\/fundaciolluiscoromina.org\/index.php\/wp-json\/wp\/v2\/media\/6427"}],"wp:attachment":[{"href":"http:\/\/fundaciolluiscoromina.org\/index.php\/wp-json\/wp\/v2\/media?parent=6416"}],"wp:term":[{"taxonomy":"category","embeddable":true,"href":"http:\/\/fundaciolluiscoromina.org\/index.php\/wp-json\/wp\/v2\/categories?post=6416"},{"taxonomy":"post_tag","embeddable":true,"href":"http:\/\/fundaciolluiscoromina.org\/index.php\/wp-json\/wp\/v2\/tags?post=6416"}],"curies":[{"name":"wp","href":"https:\/\/api.w.org\/{rel}","templated":true}]}}