{"id":6428,"date":"2025-01-10T12:55:57","date_gmt":"2025-01-10T11:55:57","guid":{"rendered":"http:\/\/www.fundaciolluiscoromina.org\/?p=6428"},"modified":"2026-09-02T16:50:31","modified_gmt":"2026-09-02T14:50:31","slug":"lespai-eat-art-de-banyoles-acull-quatre-concerts-del-grup-duot-en-el-marc-de-la-gira-de-presentacio-del-nou-disc-haiku","status":"publish","type":"post","link":"http:\/\/fundaciolluiscoromina.org\/index.php\/2025\/01\/10\/lespai-eat-art-de-banyoles-acull-quatre-concerts-del-grup-duot-en-el-marc-de-la-gira-de-presentacio-del-nou-disc-haiku\/","title":{"rendered":"L&#8217;Espai Eat Art de Banyoles acull quatre concerts del grup DUOT en el marc de la gira de presentaci\u00f3 del nou disc &#8216;Haiku&#8217;"},"content":{"rendered":"<p>Des del 16 fins al 19 de gener, <strong>DUOT<\/strong>, el duo de m\u00fasica improvisada format per Albert Cirera al saxo i Ramon Prats a la bateria, oferir\u00e0 cada dia un concert per presentar per primera vegada el seu sis\u00e8 disc, titulat <em>Haiku<\/em>. Un projecte inspirat en les formes i els conceptes dels Haikus japonesos.<\/p>\n<p>Els concerts tindran lloc a les 20 h del vespre, exceptuant el dijous 16 de gener, que ser\u00e0 a les 22 h, i el preu de l&#8217;entrada \u00e9s de 5 euros. Es tracta d&#8217;un cicle d&#8217;actuacions en el marc de la resid\u00e8ncia de quatre dies de DUOT a l&#8217;Espai Eat Art de Banyoles.<\/p>\n","protected":false},"excerpt":{"rendered":"<p>Des del 16 fins al 19 de gener, DUOT, el duo de m\u00fasica improvisada format per Albert Cirera al saxo &#8230;<\/p>\n","protected":false},"author":2,"featured_media":6429,"comment_status":"closed","ping_status":"open","sticky":false,"template":"","format":"standard","meta":{"footnotes":""},"categories":[10],"tags":[],"class_list":["post-6428","post","type-post","status-publish","format-standard","has-post-thumbnail","hentry","category-activitats"],"_links":{"self":[{"href":"http:\/\/fundaciolluiscoromina.org\/index.php\/wp-json\/wp\/v2\/posts\/6428","targetHints":{"allow":["GET"]}}],"collection":[{"href":"http:\/\/fundaciolluiscoromina.org\/index.php\/wp-json\/wp\/v2\/posts"}],"about":[{"href":"http:\/\/fundaciolluiscoromina.org\/index.php\/wp-json\/wp\/v2\/types\/post"}],"author":[{"embeddable":true,"href":"http:\/\/fundaciolluiscoromina.org\/index.php\/wp-json\/wp\/v2\/users\/2"}],"replies":[{"embeddable":true,"href":"http:\/\/fundaciolluiscoromina.org\/index.php\/wp-json\/wp\/v2\/comments?post=6428"}],"version-history":[{"count":1,"href":"http:\/\/fundaciolluiscoromina.org\/index.php\/wp-json\/wp\/v2\/posts\/6428\/revisions"}],"predecessor-version":[{"id":6928,"href":"http:\/\/fundaciolluiscoromina.org\/index.php\/wp-json\/wp\/v2\/posts\/6428\/revisions\/6928"}],"wp:featuredmedia":[{"embeddable":true,"href":"http:\/\/fundaciolluiscoromina.org\/index.php\/wp-json\/wp\/v2\/media\/6429"}],"wp:attachment":[{"href":"http:\/\/fundaciolluiscoromina.org\/index.php\/wp-json\/wp\/v2\/media?parent=6428"}],"wp:term":[{"taxonomy":"category","embeddable":true,"href":"http:\/\/fundaciolluiscoromina.org\/index.php\/wp-json\/wp\/v2\/categories?post=6428"},{"taxonomy":"post_tag","embeddable":true,"href":"http:\/\/fundaciolluiscoromina.org\/index.php\/wp-json\/wp\/v2\/tags?post=6428"}],"curies":[{"name":"wp","href":"https:\/\/api.w.org\/{rel}","templated":true}]}}