{"id":6433,"date":"2025-01-24T11:41:28","date_gmt":"2025-01-24T10:41:28","guid":{"rendered":"http:\/\/www.fundaciolluiscoromina.org\/?p=6433"},"modified":"2026-09-02T16:50:31","modified_gmt":"2026-09-02T14:50:31","slug":"la-biblioteca-de-catalunya-acull-la-presentacio-de-josep-carner-poesia-dispersa-propia-i-traduida-1896-1924-un-volum-amb-el-suport-de-la-fundacio-lluis-coromina-isern","status":"publish","type":"post","link":"http:\/\/fundaciolluiscoromina.org\/index.php\/2025\/01\/24\/la-biblioteca-de-catalunya-acull-la-presentacio-de-josep-carner-poesia-dispersa-propia-i-traduida-1896-1924-un-volum-amb-el-suport-de-la-fundacio-lluis-coromina-isern\/","title":{"rendered":"La Biblioteca de Catalunya acull la presentaci\u00f3 de &#8216;Josep Carner. Poesia dispersa pr\u00f2pia i tradu\u00efda, 1896-1924&#8217;, un volum amb el suport de la Fundaci\u00f3 Llu\u00eds Coromina Isern"},"content":{"rendered":"<p>El proper dimecres 29 de gener, a les 18 hores, tindr\u00e0 lloc a la Sala de la Caritat de la Biblioteca de Catalunya la presentaci\u00f3 de\u00a0<em>Josep Carner. Poesia dispersa pr\u00f2pia i tradu\u00efda, 1896-1924<\/em>, el segon volum de l&#8217;edici\u00f3 cr\u00edtica de l&#8217;obra completa de Josep Carner, a cura de Jaume Coll i editat per Edicions 62, amb el suport de la Fundaci\u00f3 Llu\u00eds Coromina Isern. La presentaci\u00f3 tindr\u00e0 un format de di\u00e0leg entre el fil\u00f2leg Jaume Coll, i el cr\u00edtic literari i professor de Literatura Contempor\u00e0nia de la UAB, V\u00edctor Mart\u00ednez-Gil.<\/p>\n<p>Aquest volum complementa <em>Llibres de poesia 1904-1924<\/em>, que va apar\u00e8ixer el novembre de 2016, i cont\u00e9 1.535 poesies en diversos estadis de redacci\u00f3, amb peces fins ara desconegudes i que no havien estat mai recollits en una publicaci\u00f3. Acompanyada d&#8217;un suplement que serveix tant de pr\u00f2leg al volum principal com de guia cronol\u00f2gica, aquesta obra permet seguir l&#8217;evoluci\u00f3 po\u00e8tica de Carner des dels seus inicis, quan escrivia amb nom\u00e9s 12 anys d&#8217;edat, fins a l&#8217;etapa adulta.<\/p>\n","protected":false},"excerpt":{"rendered":"<p>El proper dimecres 29 de gener, a les 18 hores, tindr\u00e0 lloc a la Sala de la Caritat de la &#8230;<\/p>\n","protected":false},"author":2,"featured_media":6434,"comment_status":"closed","ping_status":"open","sticky":false,"template":"","format":"standard","meta":{"footnotes":""},"categories":[14,15,10],"tags":[],"class_list":["post-6433","post","type-post","status-publish","format-standard","has-post-thumbnail","hentry","category-accions-culturals","category-accions-socials","category-activitats"],"_links":{"self":[{"href":"http:\/\/fundaciolluiscoromina.org\/index.php\/wp-json\/wp\/v2\/posts\/6433","targetHints":{"allow":["GET"]}}],"collection":[{"href":"http:\/\/fundaciolluiscoromina.org\/index.php\/wp-json\/wp\/v2\/posts"}],"about":[{"href":"http:\/\/fundaciolluiscoromina.org\/index.php\/wp-json\/wp\/v2\/types\/post"}],"author":[{"embeddable":true,"href":"http:\/\/fundaciolluiscoromina.org\/index.php\/wp-json\/wp\/v2\/users\/2"}],"replies":[{"embeddable":true,"href":"http:\/\/fundaciolluiscoromina.org\/index.php\/wp-json\/wp\/v2\/comments?post=6433"}],"version-history":[{"count":1,"href":"http:\/\/fundaciolluiscoromina.org\/index.php\/wp-json\/wp\/v2\/posts\/6433\/revisions"}],"predecessor-version":[{"id":6926,"href":"http:\/\/fundaciolluiscoromina.org\/index.php\/wp-json\/wp\/v2\/posts\/6433\/revisions\/6926"}],"wp:featuredmedia":[{"embeddable":true,"href":"http:\/\/fundaciolluiscoromina.org\/index.php\/wp-json\/wp\/v2\/media\/6434"}],"wp:attachment":[{"href":"http:\/\/fundaciolluiscoromina.org\/index.php\/wp-json\/wp\/v2\/media?parent=6433"}],"wp:term":[{"taxonomy":"category","embeddable":true,"href":"http:\/\/fundaciolluiscoromina.org\/index.php\/wp-json\/wp\/v2\/categories?post=6433"},{"taxonomy":"post_tag","embeddable":true,"href":"http:\/\/fundaciolluiscoromina.org\/index.php\/wp-json\/wp\/v2\/tags?post=6433"}],"curies":[{"name":"wp","href":"https:\/\/api.w.org\/{rel}","templated":true}]}}